{"id":6018,"date":"2025-04-04T09:28:32","date_gmt":"2025-04-04T07:28:32","guid":{"rendered":"https:\/\/www.zusnizna.sk\/?p=6018"},"modified":"2025-04-04T09:29:49","modified_gmt":"2025-04-04T07:29:49","slug":"vyhlasenie-vyberoveho-konania-na-riaditela-riaditelku-zus-2","status":"publish","type":"post","link":"https:\/\/www.zusnizna.sk\/?p=6018","title":{"rendered":"Vyhl\u00e1senie v\u00fdberov\u00e9ho konania na riadite\u013ea\/riadite\u013eku ZU\u0160"},"content":{"rendered":"\n\n\n<p>Obec Ni\u017en\u00e1 vyhlasuje v zmysle ustanovenia \u00a7 4 z\u00e1kona \u010d.596\/2003 Z.z. o \u0161t\u00e1tnej spr\u00e1ve v \u0161kolstve a \u0161kolskej samospr\u00e1ve a o zmene a doplnen\u00ed niektor\u00fdch z\u00e1konov a v s\u00falade s \u00a7 5 z\u00e1kona \u010d.552\/2003 Z.z. o v\u00fdkone pr\u00e1ce vo verejnom z\u00e1ujme v znen\u00ed neskor\u0161\u00edch predpisov<\/p>\n<p style=\"text-align: center;\"><strong>v\u00fdberov\u00e9 konanie na obsadenie funkcie<\/strong><\/p>\n<h3 style=\"text-align: center;\"><strong>riadite\u013e\/ka<\/strong><br \/><strong>Z\u00e1kladnej\u00a0 umeleckej \u0161koly Vendel\u00edna Habov\u0161tiaka Ni\u017en\u00e1,<\/strong><br \/><strong>Nov\u00e1 doba 482, 027 43 Ni\u017en\u00e1<\/strong><\/h3>\n<p>\u00a0<\/p>\n<p><strong>Po\u017eiadavky:<\/strong><\/p>\n<ul>\n<li>kvalifika\u010dn\u00e9 predpoklady na v\u00fdkon pracovnej \u010dinnosti v\u00a0pr\u00edslu\u0161nej kateg\u00f3rii alebo podkateg\u00f3rii pedagogick\u00e9ho zamestnanca pod\u013ea z\u00e1kona \u010d. 138\/2019 Z. z. o\u00a0pedagogick\u00fdch zamestnancoch a\u00a0odborn\u00fdch zamestnancoch a\u00a0o\u00a0zmene a\u00a0doplnen\u00ed niektor\u00fdch z\u00e1konov v\u00a0znen\u00ed neskor\u0161\u00edch predpisov ( \u010falej len \u201ez\u00e1kon \u010d. 138\/2019 Z.z.\u201c) a\u00a0pod\u013ea vyhl\u00e1\u0161ky Ministerstva \u0161kolstva, vedy, v\u00fdskumu a\u00a0\u0161portu Slovenskej republiky \u010d. 173\/2023 Z. z. o\u00a0kvalifika\u010dn\u00fdch predpokladoch pedagogick\u00fdch a\u00a0odborn\u00fdch zamestnancov,<\/li>\n<li>splnenie podmienky zaradenia do kari\u00e9rov\u00e9ho stup\u0148a samostatn\u00fd pedagogick\u00fd zamestnanec\u00a0 pod\u013ea z\u00e1kona \u010d. 138\/2019 Z.z., \u00a0\u00a0<\/li>\n<li>najmenej 5 rokov pedagogickej \u010dinnosti pod\u013ea \u00a7 3 ods. 5 z\u00e1kona \u010d. 596\/2003 Z. z. o\u00a0\u0161t\u00e1tnej spr\u00e1ve v\u00a0\u0161kolstve, \u0161kolskej samospr\u00e1ve a\u00a0o\u00a0zmene a\u00a0doplnen\u00ed niektor\u00fdch z\u00e1konov v\u00a0platnom znen\u00ed,<\/li>\n<li>bez\u00fahonnos\u0165 &#8211; \u00a0\u00a7 15a z\u00e1kona \u010d. 138\/2019 Z.z.,<\/li>\n<li>zdravotn\u00e1 sp\u00f4sobilos\u0165 &#8211; \u00a0\u00a7 16 z\u00e1kona \u010d. 138\/2019 Z.z.,<\/li>\n<li>ovl\u00e1danie \u0161t\u00e1tneho jazyka &#8211;\u00a0\u00a7 17 z\u00e1kona \u010d. 138\/2019 Z.z.,<\/li>\n<li>predlo\u017eenie p\u00edsomn\u00e9ho n\u00e1vrhu koncepcie rozvoja \u0161koly,<\/li>\n<li>sp\u00f4sobilos\u0165 na pr\u00e1vne \u00fakony v\u00a0plnom rozsahu,<\/li>\n<li>znalos\u0165 pr\u00edslu\u0161n\u00fdch legislat\u00edvnych noriem v\u00a0oblasti \u0161kolstva a\u00a0rozpo\u010dtovn\u00edctva rozpo\u010dtov\u00fdch organiz\u00e1ci\u00ed,<\/li>\n<li>riadiace a organiza\u010dn\u00e9 schopnosti,<\/li>\n<li>znalos\u0165 pr\u00e1ce s PC (Word, Excel, Internet).<\/li>\n<\/ul>\n<p>\u00a0<\/p>\n<p><strong>Po\u017eadovan\u00e9 doklady:<\/strong><\/p>\n<p>1) p\u00edsomn\u00e1 \u017eiados\u0165 o\u00a0zaradenie do v\u00fdberov\u00e9ho konania,<\/p>\n<p>2) p\u00edsomn\u00fd s\u00fahlas uch\u00e1dza\u010da so spracovan\u00edm a archiv\u00e1ciou jeho osobn\u00fdch \u00fadajov pre potreby v\u00fdberov\u00e9ho konania pod\u013ea z\u00e1kona \u010d.18\/2018 Z. z. o\u00a0ochrane osobn\u00fdch \u00fadajov a\u00a0o zmene a\u00a0doplnen\u00ed niektor\u00fdch z\u00e1konov,<\/p>\n<p>3) \u00faradne overen\u00e9 k\u00f3pie dokladov o\u00a0dosiahnutom po\u017eadovanom vzdelan\u00ed,<\/p>\n<p>4) potvrdenie o\u00a0d\u013a\u017eke pedagogickej \u010dinnosti \u2013 minim\u00e1lne 5 rokov,<\/p>\n<p>5) doklad potvrdzuj\u00faci splnenie podmienky zaradenia do kari\u00e9rov\u00e9ho stup\u0148a samostatn\u00fd pedagogick\u00fd zamestnanec,<\/p>\n<p>6) p\u00edsomn\u00fd n\u00e1vrh koncepcie rozvoja \u0161koly,<\/p>\n<p>7) \u0161trukt\u00farovan\u00fd profesijn\u00fd \u017eivotopis,<\/p>\n<p>8) \u010destn\u00e9 vyhl\u00e1senie o\u00a0bez\u00fahonnosti,<\/p>\n<p>9) lek\u00e1rske potvrdenie o\u00a0du\u0161evnej a\u00a0telesnej sp\u00f4sobilosti pre v\u00fdkon \u010dinnosti u\u010dite\u013ea a\u00a0ved\u00faceho pedagogick\u00e9ho zamestnanca,<\/p>\n<p>10) \u010destn\u00e9 prehl\u00e1senie o\u00a0pravdivosti v\u0161etk\u00fdch \u00fadajov uv\u00e1dzan\u00fdch v\u00a0p\u00edsomnej \u017eiadosti a\u00a0v po\u017eadovan\u00fdch dokladoch.<\/p>\n<p><strong>\u00a0<\/strong><\/p>\n<p><strong>Platov\u00e9 podmienky:<\/strong><\/p>\n<p>Platov\u00e9 podmienky pod\u013ea z\u00e1kona \u010d. 553\/2003 Z. z. o\u00a0odme\u0148ovan\u00ed niektor\u00fdch zamestnancov pri v\u00fdkone pr\u00e1ce vo verejnom z\u00e1ujme v\u00a0znen\u00ed neskor\u0161\u00edch predpisov v\u00a0nadv\u00e4znosti na z\u00e1kon \u010d. 138\/2019 Z.z. \u00a0<\/p>\n<p><strong>\u00a0<\/strong><\/p>\n<p><strong>D\u00e1tum a\u00a0miesto podania \u017eiadosti o <\/strong>\u00a0<strong>zaradenie do v\u00fdberov\u00e9ho konania:<\/strong><\/p>\n<p>Uch\u00e1dza\u010di doru\u010dia svoje \u017eiadosti o\u00a0zaradenie do v\u00fdberov\u00e9ho konania spolu s\u00a0po\u017eadovan\u00fdmi dokladmi najnesk\u00f4r <strong>do 23.apr\u00edla 2025 a\u00a0to:<\/strong><\/p>\n<p><strong>&#8211; po\u0161tou\u00a0 na adresu<\/strong>: Obec\u00a0Ni\u017en\u00e1, Nov\u00e1 doba \u010d.506, 027 43\u00a0 Ni\u017en\u00e1 (rozhoduj\u00facim je d\u00e1tum na po\u0161tovej pe\u010diatke), alebo<\/p>\n<p><strong>&#8211; osobne<\/strong> do podate\u013ene Obecn\u00e9ho \u00faradu v\u00a0Ni\u017enej.<\/p>\n<p>\u00a0<\/p>\n<p>\u017diados\u0165 s\u00a0dokladmi je potrebn\u00e9 doru\u010di\u0165 v\u00a0zalepenej ob\u00e1lke ozna\u010denej heslom <strong>\u201eNeotv\u00e1ra\u0165 &#8211; V\u00fdberov\u00e9 konanie\u00a0 &#8211;\u00a0 Z\u00e1kladn\u00e1 umeleck\u00e1 \u0161kola Vendel\u00edna Habov\u0161tiaka Ni\u017en\u00e1\u201c. <\/strong><\/p>\n<p><strong>\u00a0<\/strong><\/p>\n<p><strong>Dopl\u0148uj\u00face inform\u00e1cie pre uch\u00e1dza\u010dov:<\/strong><\/p>\n<p>Term\u00edn,\u00a0miesto a\u00a0\u010das v\u00fdberov\u00e9ho konania bude uch\u00e1dza\u010dom, ktor\u00ed splnia po\u017eadovan\u00e9 podmienky \u00a0ozn\u00e1men\u00fd p\u00edsomne.<\/p>\n<p>Funk\u010dn\u00e9 obdobie riadite\u013ea \u0161koly je p\u00e4\u0165ro\u010dn\u00e9.<\/p>\n<p>V\u00fdberovou komisiou je rada \u0161koly.<\/p>\n<p>\u00a0<\/p>\n<p>V\u00a0Ni\u017enej d\u0148a 02.04.2025<\/p>\n<p><a href=\"https:\/\/www.zusnizna.sk\/wp-content\/uploads\/2025\/04\/2025Riaditel-ZUS-Vyhlasenie-vyberoveho-konania.pdf\" target=\"_blank\" rel=\"noopener\">Stiahnu\u0165 dokument vo form\u00e1te pdf<\/a><\/p>\n<p style=\"text-align: right;\">\u00a0\u00a0\u00a0\u00a0\u00a0\u00a0\u00a0\u00a0\u00a0\u00a0\u00a0\u00a0\u00a0\u00a0\u00a0\u00a0\u00a0\u00a0\u00a0\u00a0\u00a0\u00a0\u00a0\u00a0\u00a0\u00a0\u00a0\u00a0\u00a0\u00a0\u00a0\u00a0\u00a0\u00a0\u00a0\u00a0\u00a0\u00a0\u00a0\u00a0\u00a0\u00a0\u00a0\u00a0\u00a0\u00a0\u00a0\u00a0\u00a0\u00a0\u00a0\u00a0\u00a0\u00a0\u00a0\u00a0\u00a0\u00a0\u00a0\u00a0\u00a0\u00a0\u00a0\u00a0\u00a0\u00a0\u00a0\u00a0\u00a0\u00a0\u00a0\u00a0\u00a0\u00a0\u00a0\u00a0\u00a0\u00a0\u00a0\u00a0\u00a0\u00a0\u00a0\u00a0\u00a0\u00a0\u00a0 Ing. Jaroslav Rosina<\/p>\n<p style=\"text-align: right;\">\u00a0\u00a0\u00a0\u00a0\u00a0\u00a0\u00a0\u00a0\u00a0\u00a0\u00a0\u00a0\u00a0\u00a0\u00a0\u00a0\u00a0\u00a0\u00a0\u00a0\u00a0\u00a0\u00a0\u00a0\u00a0\u00a0\u00a0\u00a0\u00a0\u00a0\u00a0\u00a0\u00a0\u00a0\u00a0\u00a0\u00a0\u00a0\u00a0\u00a0\u00a0\u00a0\u00a0\u00a0\u00a0\u00a0\u00a0\u00a0\u00a0\u00a0\u00a0\u00a0\u00a0\u00a0\u00a0\u00a0\u00a0\u00a0\u00a0\u00a0\u00a0\u00a0\u00a0\u00a0\u00a0\u00a0\u00a0\u00a0\u00a0\u00a0\u00a0\u00a0\u00a0\u00a0\u00a0\u00a0\u00a0\u00a0\u00a0\u00a0\u00a0\u00a0\u00a0\u00a0\u00a0\u00a0\u00a0\u00a0\u00a0\u00a0\u00a0\u00a0 \u00a0starosta obce<\/p>\n","protected":false},"excerpt":{"rendered":"<div class=\"mh-excerpt\"><p>Obec Ni\u017en\u00e1 vyhlasuje v zmysle ustanovenia \u00a7 4 z\u00e1kona \u010d.596\/2003 Z.z. o \u0161t\u00e1tnej spr\u00e1ve v \u0161kolstve a \u0161kolskej samospr\u00e1ve a o zmene a doplnen\u00ed niektor\u00fdch <a class=\"mh-excerpt-more\" href=\"https:\/\/www.zusnizna.sk\/?p=6018\" title=\"Vyhl\u00e1senie v\u00fdberov\u00e9ho konania na riadite\u013ea\/riadite\u013eku ZU\u0160\">[&#8230;]<\/a><\/p>\n<\/div>","protected":false},"author":3,"featured_media":3947,"comment_status":"closed","ping_status":"open","sticky":false,"template":"","format":"standard","meta":[],"categories":[2,6,1],"tags":[131,132,130],"_links":{"self":[{"href":"https:\/\/www.zusnizna.sk\/index.php?rest_route=\/wp\/v2\/posts\/6018"}],"collection":[{"href":"https:\/\/www.zusnizna.sk\/index.php?rest_route=\/wp\/v2\/posts"}],"about":[{"href":"https:\/\/www.zusnizna.sk\/index.php?rest_route=\/wp\/v2\/types\/post"}],"author":[{"embeddable":true,"href":"https:\/\/www.zusnizna.sk\/index.php?rest_route=\/wp\/v2\/users\/3"}],"replies":[{"embeddable":true,"href":"https:\/\/www.zusnizna.sk\/index.php?rest_route=%2Fwp%2Fv2%2Fcomments&post=6018"}],"version-history":[{"count":3,"href":"https:\/\/www.zusnizna.sk\/index.php?rest_route=\/wp\/v2\/posts\/6018\/revisions"}],"predecessor-version":[{"id":6023,"href":"https:\/\/www.zusnizna.sk\/index.php?rest_route=\/wp\/v2\/posts\/6018\/revisions\/6023"}],"wp:featuredmedia":[{"embeddable":true,"href":"https:\/\/www.zusnizna.sk\/index.php?rest_route=\/wp\/v2\/media\/3947"}],"wp:attachment":[{"href":"https:\/\/www.zusnizna.sk\/index.php?rest_route=%2Fwp%2Fv2%2Fmedia&parent=6018"}],"wp:term":[{"taxonomy":"category","embeddable":true,"href":"https:\/\/www.zusnizna.sk\/index.php?rest_route=%2Fwp%2Fv2%2Fcategories&post=6018"},{"taxonomy":"post_tag","embeddable":true,"href":"https:\/\/www.zusnizna.sk\/index.php?rest_route=%2Fwp%2Fv2%2Ftags&post=6018"}],"curies":[{"name":"wp","href":"https:\/\/api.w.org\/{rel}","templated":true}]}}