{"id":4671,"date":"2021-05-25T19:15:00","date_gmt":"2021-05-25T17:15:00","guid":{"rendered":"https:\/\/www.zusnizna.sk\/?p=4671"},"modified":"2021-06-13T09:52:10","modified_gmt":"2021-06-13T07:52:10","slug":"absolventsky-koncert-2021","status":"publish","type":"post","link":"https:\/\/www.zusnizna.sk\/?p=4671","title":{"rendered":"Z\u00e1znam z Absolventsk\u00e9ho koncertu 2021"},"content":{"rendered":"\n<p style=\"text-align: justify;\">\u00a0<\/p>\n<p><iframe title=\"Absolventsk\u00fd koncert\" width=\"500\" height=\"281\" src=\"https:\/\/www.youtube.com\/embed\/LpgV9GK5OtE?feature=oembed\" frameborder=\"0\" allow=\"accelerometer; autoplay; clipboard-write; encrypted-media; gyroscope; picture-in-picture\" allowfullscreen><\/iframe><\/p>\n<p style=\"text-align: justify;\">V utorok 25. 5. 2021 o 17:00 sme z na\u0161ej koncertnej s\u00e1ly v ZU\u0160 Vendel\u00edna Habov\u0161tiaka v Ni\u017enej vysielali priamy prenos z Avsolventsk\u00e1ho koncertu kde na\u0161i absolventi so svojimi pedag\u00f3gmi pre V\u00e1s pripravili svoj Absolventsk\u00fd koncert spojen\u00fd s v\u00fdstavou pr\u00e1c absolventov v\u00fdtvarn\u00e9ho odboru.<\/p>\n<p><a href=\"https:\/\/www.zusnizna.sk\/?p=4689\">Fotogal\u00e9ria z koncertu<\/a><\/p>\n<p><strong>Absolventi hudobn\u00e9ho odboru:<\/strong><\/p>\n<ul>\n<li class=\"p1\">Simona Huben\u00e1 &#8211; akorde\u00f3n<\/li>\n<li class=\"p1\">D\u00e1vid Ba\u017e\u00edk &#8211; klav\u00edr<\/li>\n<li class=\"p1\">Daniel Lajmon &#8211; klav\u00edr<\/li>\n<li class=\"p1\">Rebeka Kudzbelov\u00e1 &#8211; klav\u00edr<\/li>\n<li class=\"p1\">Karol\u00edna Murinov\u00e1 &#8211; klav\u00edr<\/li>\n<li class=\"p1\">Karin Ki\u010dinov\u00e1 &#8211; husle<\/li>\n<li class=\"p1\">Lucia Kubalov\u00e1 &#8211; husle<\/li>\n<li class=\"p1\">Adriana Kubalov\u00e1 &#8211; husle<\/li>\n<li class=\"p1\">Filip Jandura &#8211; gitara<\/li>\n<li class=\"p1\">Adri\u00e1n Fur\u0165o &#8211; gitara<\/li>\n<li class=\"p1\">Timotej Bu\u010dka &#8211; gitara<\/li>\n<li class=\"p1\">Klaudia Jurinov\u00e1 &#8211; gitara<\/li>\n<li class=\"p1\">Liliana Vasekov\u00e1 &#8211; prie\u010dna flauta<\/li>\n<li class=\"p1\">Sofia Pavelekov\u00e1 &#8211; prie\u010dna flauta<\/li>\n<li class=\"p1\">Timotej Reguly &#8211; akorde\u00f3n<\/li>\n<\/ul>\n<p><strong>Absolventi v\u00fdtvarn\u00e9ho odboru:<\/strong><\/p>\n<ul>\n<li class=\"p1\">Paula Jandurov\u00e1<\/li>\n<li class=\"p1\">Tamara Lujza Betu\u0161\u0165\u00e1kov\u00e1<\/li>\n<\/ul>\n<p>\u00a0<\/p>\n<p>\u00a0<\/p>\n","protected":false},"excerpt":{"rendered":"<div class=\"mh-excerpt\"><p>Z\u00e1znam z Absolventsk\u00e9ho koncertu  z 25. 5. 2021<\/p>\n<\/div>","protected":false},"author":3,"featured_media":4673,"comment_status":"closed","ping_status":"open","sticky":false,"template":"","format":"standard","meta":[],"categories":[2,6],"tags":[],"_links":{"self":[{"href":"https:\/\/www.zusnizna.sk\/index.php?rest_route=\/wp\/v2\/posts\/4671"}],"collection":[{"href":"https:\/\/www.zusnizna.sk\/index.php?rest_route=\/wp\/v2\/posts"}],"about":[{"href":"https:\/\/www.zusnizna.sk\/index.php?rest_route=\/wp\/v2\/types\/post"}],"author":[{"embeddable":true,"href":"https:\/\/www.zusnizna.sk\/index.php?rest_route=\/wp\/v2\/users\/3"}],"replies":[{"embeddable":true,"href":"https:\/\/www.zusnizna.sk\/index.php?rest_route=%2Fwp%2Fv2%2Fcomments&post=4671"}],"version-history":[{"count":6,"href":"https:\/\/www.zusnizna.sk\/index.php?rest_route=\/wp\/v2\/posts\/4671\/revisions"}],"predecessor-version":[{"id":4750,"href":"https:\/\/www.zusnizna.sk\/index.php?rest_route=\/wp\/v2\/posts\/4671\/revisions\/4750"}],"wp:featuredmedia":[{"embeddable":true,"href":"https:\/\/www.zusnizna.sk\/index.php?rest_route=\/wp\/v2\/media\/4673"}],"wp:attachment":[{"href":"https:\/\/www.zusnizna.sk\/index.php?rest_route=%2Fwp%2Fv2%2Fmedia&parent=4671"}],"wp:term":[{"taxonomy":"category","embeddable":true,"href":"https:\/\/www.zusnizna.sk\/index.php?rest_route=%2Fwp%2Fv2%2Fcategories&post=4671"},{"taxonomy":"post_tag","embeddable":true,"href":"https:\/\/www.zusnizna.sk\/index.php?rest_route=%2Fwp%2Fv2%2Ftags&post=4671"}],"curies":[{"name":"wp","href":"https:\/\/api.w.org\/{rel}","templated":true}]}}