{"id":4244,"date":"2020-11-25T10:17:48","date_gmt":"2020-11-25T08:17:48","guid":{"rendered":"https:\/\/www.zusnizna.sk\/?p=4244"},"modified":"2020-11-25T10:17:48","modified_gmt":"2020-11-25T08:17:48","slug":"sprava-o-vychovno-vzdelavacej-cinnosti-zakladnej-umeleckej-skoly-vendelina-habovstiaka-za-skolsky-rok-2019-2020","status":"publish","type":"post","link":"https:\/\/www.zusnizna.sk\/?p=4244","title":{"rendered":"Spr\u00e1va o v\u00fdchovno-vzdel\u00e1vacej \u010dinnosti Z\u00e1kladnej umeleckej \u0161koly Vendel\u00edna Habov\u0161tiaka za \u0161kolsk\u00fd rok 2019\/2020"},"content":{"rendered":"\n<p style=\"text-align: justify;\"><strong>N\u00e1zov \u0161koly:<\/strong><strong>\u00a0<\/strong>ZU\u0160 Vendel\u00edna Habov\u0161tiaka<\/p>\n<p style=\"text-align: justify;\"><strong>Adresa \u0161koly:<\/strong><strong>\u00a0<\/strong>Nov\u00e1 Doba 482, 027 43 Ni\u017en\u00e1<\/p>\n<p style=\"text-align: justify;\"><strong>Telef\u00f3nne \u010d\u00edslo:<\/strong><strong>\u00a0 <\/strong>043\/5381 264 , 0911276075<\/p>\n<p style=\"text-align: justify;\"><strong>Internetov\u00e1 adr<\/strong><strong>esa:<\/strong><strong>\u00a0<\/strong>www.zusnizna.sk<\/p>\n<p style=\"text-align: justify;\"><strong>Elektronick\u00e1 adresa:<\/strong><strong>\u00a0<\/strong>\u00a0zus@zusnizna.sk<\/p>\n<p style=\"text-align: justify;\"><strong>Zria\u010fovate\u013e \u0161koly:<\/strong><strong>\u00a0<\/strong>Obec\u00a0 Ni\u017en\u00e1<\/p>\n<p style=\"text-align: justify;\"><strong>Ved\u00faci zamestnanci:<\/strong><\/p>\n<ul>\n<li style=\"text-align: justify;\">Peter Ku\u010dka \u2013 riadite\u013e \u0161koly<\/li>\n<li style=\"text-align: justify;\">Alena Hlavajov\u00e1 \u2013 z\u00e1stupky\u0148a riadite\u013ea \u0161koly<\/li>\n<\/ul>\n<p style=\"text-align: justify;\">\u00a0<\/p>\n<h2 style=\"text-align: justify;\">Rada \u0161koly:<\/h2>\n<p style=\"text-align: justify;\">Predseda:<strong> Mgr. Bohuslav Kortman<\/strong><\/p>\n<p style=\"text-align: justify;\">\u00a0<\/p>\n<p style=\"text-align: justify;\">\u010clenovia:<\/p>\n<ul style=\"text-align: justify;\">\n<li>Mgr. Anna Holub\u010d\u00edkov\u00e1,<\/li>\n<li>Ing. Jana Tuh\u00e1<\/li>\n<li>Andrea Slim\u00e1kov\u00e1<\/li>\n<li>J\u00e1n Mi\u0161\u00edk<\/li>\n<li>Ing.Martin N\u00e1ka\u010dka<\/li>\n<li>Rastislav Malatinka<\/li>\n<li>Jozef V\u00edrostko\u00a0<\/li>\n<li>Martin \u017duffa<\/li>\n<li>Miroslav \u0160tefan<\/li>\n<li>Darina Zajacov\u00e1<\/li>\n<\/ul>\n<p style=\"text-align: justify;\">\u00a0<\/p>\n<p style=\"text-align: justify;\">\u00a0<\/p>\n<h2 style=\"text-align: justify;\">Umeleck\u00e1 rada \u0161koly:\u00a0<\/h2>\n<p style=\"text-align: justify;\">Predseda: <strong>Peter\u00a0 Ku\u010dka<\/strong>\u00a0<\/p>\n<p style=\"text-align: justify;\">\u010clenovia:<\/p>\n<ul style=\"text-align: justify;\">\n<li>Katar\u00edna Ba\u010dov\u00e1\u00a0\u00a0\u00a0\u00a0\u00a0\u00a0\u00a0\u00a0\u00a0\u00a0\u00a0\u00a0\u00a0\u00a0\u00a0\u00a0\u00a0 \u00a0\u00a0\u00a0\u00a0\u00a0\u00a0\u00a0\u00a0\u00a0\u00a0\u00a0\u00a0\u00a0\u00a0\u00a0\u00a0\u00a0\u00a0\u00a0\u00a0\u00a0\u00a0\u00a0\u00a0\u00a0\u00a0\u00a0\u00a0\u00a0\u00a0\u00a0\u00a0\u00a0\u00a0\u00a0\u00a0\u00a0\u00a0\u00a0\u00a0\u00a0\u00a0\u00a0\u00a0\u00a0\u00a0\u00a0\u00a0\u00a0\u00a0\u00a0\u00a0\u00a0\u00a0\u00a0\u00a0\u00a0\u00a0\u00a0\u00a0\u00a0\u00a0\u00a0\u00a0\u00a0\u00a0\u00a0\u00a0\u00a0\u00a0\u00a0\u00a0\u00a0\u00a0\u00a0\u00a0\u00a0\u00a0\u00a0<\/li>\n<li>Alena Hlavajov\u00e1<\/li>\n<li>Mgr. Bohuslav Kortman<\/li>\n<li>Mgr. Miroslava Malatinkov\u00e1<\/li>\n<\/ul>\n<p style=\"text-align: justify;\">\u00a0<\/p>\n<p style=\"text-align: justify;\">\u00a0\u00a0\u00a0\u00a0\u00a0\u00a0\u00a0\u00a0\u00a0\u00a0\u00a0\u00a0\u00a0\u00a0\u00a0\u00a0\u00a0\u00a0\u00a0\u00a0\u00a0\u00a0\u00a0\u00a0\u00a0\u00a0\u00a0\u00a0\u00a0\u00a0\u00a0\u00a0\u00a0\u00a0\u00a0<\/p>\n<h2 style=\"text-align: justify;\">Predmetov\u00e9 komisie:<\/h2>\n<p style=\"text-align: justify;\"><em><strong>Predmetov\u00e1 komisia oddelenia kl\u00e1vesov\u00fdch n\u00e1strojov<\/strong><\/em><\/p>\n<ul style=\"text-align: justify;\">\n<li>hra na klav\u00edri<\/li>\n<li>hra na akorde\u00f3ne<\/li>\n<\/ul>\n<p style=\"text-align: justify;\">\u00a0<\/p>\n<p style=\"text-align: justify;\">Ved\u00faca PK:\u00a0 Mgr. Marta Podbie\u013ean\u010d\u00edkov\u00e1\u00a0<\/p>\n<p style=\"text-align: justify;\">\u010clenovia:<\/p>\n<ul style=\"text-align: justify;\">\n<li>Alena Hlavajov\u00e1<\/li>\n<li>Zuzana \u017duffov\u00e1<\/li>\n<li>Elena Ballekov\u00e1<\/li>\n<li>Mgr. Eva \u0160imi\u010d\u00e1kov\u00e1<\/li>\n<li>Mgr. M\u00e1ria Bist\u00e1rov\u00e1<\/li>\n<li>Juraj Tomadl\u00edk<\/li>\n<li>Monika Made\u0148\u00e1kov\u00e1 DiS.art.<\/li>\n<\/ul>\n<p style=\"text-align: justify;\">\u00a0<\/p>\n<p style=\"text-align: justify;\"><em><strong>Predmetov\u00e1 komisia oddelenia dychov\u00fdch n\u00e1strojov<\/strong><\/em><\/p>\n<ul style=\"text-align: justify;\">\n<li>hra\u00a0 na zobcovej flaute<\/li>\n<li>hra na prie\u010dnej flaute<\/li>\n<li>spev s\u00f3lov\u00fd a\u00a0skupinov\u00fd<\/li>\n<\/ul>\n<p style=\"text-align: justify;\">\u00a0<\/p>\n<p style=\"text-align: justify;\">Ved\u00faca PK: <strong>Katar\u00edna <\/strong><strong>Ba\u010dov\u00e1<\/strong><\/p>\n<p style=\"text-align: justify;\">\u010clenovia:\u00a0<\/p>\n<ul style=\"text-align: justify;\">\n<li>Zuzana Such\u00e1nkov\u00e1<\/li>\n<li>Mgr. Art. Pavol Ba\u017e\u00edk<\/li>\n<li>Mgr. Zdeno Reguly<\/li>\n<\/ul>\n<p>\u00a0<\/p>\n<p style=\"text-align: justify;\">\u00a0 <em><strong>Predmetov\u00e1 komisia strunov\u00fdch n\u00e1strojov<\/strong><\/em><em><strong>\u00a0 \u00a0 \u00a0 \u00a0 \u00a0 \u00a0 \u00a0 \u00a0 \u00a0 \u00a0 \u00a0 \u00a0 \u00a0 \u00a0 \u00a0 \u00a0 \u00a0 \u00a0 \u00a0 \u00a0 \u00a0 \u00a0 \u00a0 \u00a0 \u00a0 \u00a0 \u00a0 \u00a0 \u00a0 \u00a0 \u00a0 \u00a0 \u00a0 \u00a0 \u00a0 \u00a0 \u00a0 \u00a0 \u00a0 \u00a0 \u00a0 \u00a0<\/strong><\/em><em><strong>\u00a0\u00a0\u00a0\u00a0\u00a0\u00a0\u00a0\u00a0\u00a0\u00a0\u00a0\u00a0\u00a0\u00a0\u00a0\u00a0\u00a0\u00a0\u00a0\u00a0\u00a0\u00a0\u00a0\u00a0\u00a0\u00a0\u00a0\u00a0\u00a0\u00a0\u00a0\u00a0\u00a0\u00a0\u00a0\u00a0\u00a0\u00a0\u00a0\u00a0\u00a0\u00a0\u00a0\u00a0\u00a0\u00a0\u00a0\u00a0\u00a0\u00a0\u00a0\u00a0\u00a0\u00a0 <\/strong><\/em><\/p>\n<ul style=\"text-align: justify;\">\n<li>hra\u00a0 na husliach<\/li>\n<li>hra na gitare<\/li>\n<\/ul>\n<p style=\"text-align: justify;\">\u00a0<\/p>\n<p style=\"text-align: justify;\">Ved\u00faci\u00a0 PK: <strong>Peter Ku\u010dka<\/strong><\/p>\n<p style=\"text-align: justify;\">\u010clenovia :<\/p>\n<ul style=\"text-align: justify;\">\n<li>M\u00e1rio Kubas DiS.art.<\/li>\n<li>Mgr.Bohuslav Kortman<\/li>\n<li>Janka Ku\u010dkov\u00e1<\/li>\n<li>Petra Ku\u010dkov\u00e1<\/li>\n<li>Miroslav \u0160tefan<\/li>\n<li>Mgr.Zdeno Reguly<\/li>\n<li>D\u00e1vid \u0160\u00e1ndor DiS.art. , od 1.12.2019 Karol Hrom\u00e1dka a\u00a0Andrej Latka<\/li>\n<li>Magdal\u00e9na\u00a0 Mat\u00fa\u0161ov\u00e1 DiS.art.- toho \u010dasu na MD<\/li>\n<\/ul>\n<p style=\"text-align: justify;\"><em><strong>Predmetov\u00e1 komisia\u00a0 oddelenia kolekt\u00edvnych predmetov<\/strong><\/em><\/p>\n<ul style=\"text-align: justify;\">\n<li>pr\u00edpravn\u00e1 hudobn\u00e1 v\u00fdchova<\/li>\n<li>hudobn\u00e1 n\u00e1uka<\/li>\n<\/ul>\n<p style=\"text-align: justify;\">\u00a0<\/p>\n<p style=\"text-align: justify;\">Ved\u00faci PK: <strong>Mgr.Bohuslav Kortman<\/strong><\/p>\n<p style=\"text-align: justify;\">\u010clenovia:<\/p>\n<ul style=\"text-align: justify;\">\n<li>Katar\u00edna Ba\u010dov\u00e1<\/li>\n<li>Mgr. Eva \u0160imi\u010d\u00e1kov\u00e1<\/li>\n<li>Zuzana \u017duffov\u00e1<\/li>\n<\/ul>\n<p style=\"text-align: justify;\">\u00a0<\/p>\n<p style=\"text-align: justify;\"><em><strong>Predmetov\u00e1 komisia tane\u010dn\u00e9ho, v\u00fdtvarn\u00e9ho a\u00a0liter\u00e1rno-dramatick\u00e9ho odboru\u00a0 <\/strong><\/em><\/p>\n<p style=\"text-align: justify;\">Ved\u00faca PK:\u00a0 <strong>Mgr. Miroslava Malatinkov\u00e1<\/strong><\/p>\n<p style=\"text-align: justify;\">\u010clenovia:<\/p>\n<ul style=\"text-align: justify;\">\n<li>Mgr. Jaroslav Broz<\/li>\n<li>Mgr. Zdena Brozov\u00e1<\/li>\n<li>\u013dubom\u00edr Jarol\u00edn<\/li>\n<li>Bc. Nat\u00e1lia Stasov\u00e1<\/li>\n<li>Mgr.Barbora Teke\u013eov\u00e1\u00a0<\/li>\n<li>Korina Rosinov\u00e1 DiS.art.<\/li>\n<\/ul>\n<h2 style=\"text-align: justify;\"><em><strong>\u00a0<\/strong><\/em><strong>\u00dadaje o po\u010dte \u017eiakov: <\/strong><\/h2>\n<p style=\"text-align: justify;\">\u0160kolu nav\u0161tevovalo v\u00a0\u0161k. roku 2019\/2020 spolu 436 \u017eiakov.<\/p>\n<p style=\"text-align: justify;\">Z\u00a0toho:<\/p>\n<table style=\"width: 100%; height: 468px;\">\n<tbody>\n<tr style=\"height: 116px;\">\n<td style=\"height: 116px; text-align: center;\" width=\"72\">\n<p><strong>Odbor<\/strong><\/p>\n<\/td>\n<td style=\"height: 116px; text-align: center;\" width=\"168\">\n<p><strong>Ro\u010dn\u00edkov\u00ed \u017eiaci<\/strong><\/p>\n<\/td>\n<td style=\"height: 116px; text-align: center;\" width=\"169\">\n<p><strong>Pr\u00edpravn\u00e9 \u0161t\u00fadium<\/strong><\/p>\n<\/td>\n<td style=\"height: 116px; text-align: center;\" width=\"199\">\n<p><strong>\u0160t\u00fadium pre dospel\u00fdch<\/strong><\/p>\n<\/td>\n<\/tr>\n<tr style=\"height: 88px;\">\n<td style=\"height: 88px; text-align: center;\" width=\"72\">\n<p><strong>HO<\/strong><\/p>\n<\/td>\n<td style=\"height: 88px; text-align: center;\" width=\"168\">\n<p>216<\/p>\n<\/td>\n<td style=\"height: 88px; text-align: center;\" width=\"169\">\n<p>18<\/p>\n<\/td>\n<td style=\"height: 88px; text-align: center;\" width=\"199\">\n<p>&#8211;<\/p>\n<\/td>\n<\/tr>\n<tr style=\"height: 88px;\">\n<td style=\"height: 88px; text-align: center;\" width=\"72\">\n<p><strong>VO<\/strong><\/p>\n<\/td>\n<td style=\"height: 88px; text-align: center;\" width=\"168\">\n<p>79<\/p>\n<\/td>\n<td style=\"height: 88px; text-align: center;\" width=\"169\">\n<p>5<\/p>\n<\/td>\n<td style=\"height: 88px; text-align: center;\" width=\"199\">\n<p>&#8211;<\/p>\n<\/td>\n<\/tr>\n<tr style=\"height: 88px;\">\n<td style=\"height: 88px; text-align: center;\" width=\"72\">\n<p><strong>TO<\/strong><\/p>\n<\/td>\n<td style=\"height: 88px; text-align: center;\" width=\"168\">\n<p style=\"text-align: justify;\">84<\/p>\n<\/td>\n<td style=\"height: 88px; text-align: center;\" width=\"169\">\n<p>19<\/p>\n<\/td>\n<td style=\"height: 88px; text-align: center;\" width=\"199\">\n<p>&#8211;<\/p>\n<\/td>\n<\/tr>\n<tr style=\"height: 88px;\">\n<td style=\"height: 88px; text-align: center;\" width=\"72\">\n<p><strong>LDO<\/strong><\/p>\n<\/td>\n<td style=\"height: 88px; text-align: center;\" width=\"168\">\n<p>15<\/p>\n<\/td>\n<td style=\"height: 88px; text-align: center;\" width=\"169\">\n<p>&#8211;<\/p>\n<\/td>\n<td style=\"height: 88px; text-align: center;\" width=\"199\">\n<p>&#8211;<\/p>\n<\/td>\n<\/tr>\n<\/tbody>\n<\/table>\n<p style=\"text-align: justify;\">\u00a0<\/p>\n<p style=\"text-align: justify;\">\u00dadaje o\u00a0klasifik\u00e1cii \u017eiakov: Z\u00a0po\u010dtu \u017eiakov 394 prospelo s vyznamenan\u00edm\u00a0 351\u00a0\u017eiakov, prospelo 43 a\u00a0neprospelo 0 \u017eiakov.42 \u017eiakov nav\u0161tevovalo P\u0160.<\/p>\n<h2 style=\"text-align: justify;\"><strong>U\u010debn\u00e9 pl\u00e1ny<\/strong><\/h2>\n<p style=\"text-align: justify;\">Vyu\u010dovanie na \u0161kole je realizovan\u00e9 pod\u013ea U\u010debn\u00fdch pl\u00e1nov schv\u00e1len\u00fdch M\u0160 SR pre ZU\u0160 z roku 2009 pod \u010d\u00edslom CD 2009-27474\/21375 a \u0160kolsk\u00e9ho vzdel\u00e1vacieho programu pre prv\u00fa a druh\u00fa \u010das\u0165 prv\u00e9ho stup\u0148a.<\/p>\n<p style=\"text-align: justify;\">\u00a0<\/p>\n<h2 style=\"text-align: justify;\"><strong>\u00dadaje o po\u010dte zamestnancov <\/strong><\/h2>\n<ul style=\"text-align: justify;\">\n<li>25 pedagogick\u00fdch zamestnancov\u00a0<\/li>\n<li>6 prev\u00e1dzkov\u00fdch zamestnancov<\/li>\n<\/ul>\n<h2 style=\"text-align: justify;\"><strong>Plneniekvalifika\u010dn\u00fdch <\/strong><strong>predpokladov <\/strong><\/h2>\n<p style=\"text-align: justify;\">Pedagogick\u00fd zbor tvor\u00ed 24 kvalifikovan\u00fdch a 1\u00a0 nekvalifikovan\u00fd pedagogick\u00fd zamestnanec.<\/p>\n<p style=\"text-align: justify;\">\u00a0<\/p>\n<h2 style=\"text-align: left;\"><strong>\u010eal\u0161ie vzdel\u00e1vanie pedagogick\u00fdch zamestnancov<\/strong><\/h2>\n<p style=\"text-align: justify;\">\u00a0Ostatn\u00ed pedag\u00f3govia si dop\u013a\u0148aj\u00fa odbornos\u0165 na \u0161pecializovan\u00fdch semin\u00e1roch, tvoriv\u00fdch diel\u0148ach a majstrovsk\u00fdch kurzoch usporiadan\u00fdch pri celoslovensk\u00fdch a region\u00e1lnych s\u00fa\u0165a\u017eiach.<\/p>\n<h2 style=\"text-align: justify;\"><strong>Aktivity a prezent\u00e1cie \u0161koly<\/strong>\u00a0 \u00a0\u00a0\u00a0\u00a0\u00a0\u00a0\u00a0\u00a0\u00a0\u00a0\u00a0 \u00a0<\/h2>\n<p style=\"text-align: justify;\">Nosn\u00fdm projektom \u0161koly je n\u00e1rodn\u00e1 s\u00fa\u0165a\u017e \u017eiakov z\u00e1kladn\u00fdch umeleck\u00fdch \u0161k\u00f4l v hre na\u00a0 zobcovej\u00a0\u00a0 flaute\u00a0 a dreven\u00fdch\u00a0 dychov\u00fdch\u00a0 n\u00e1strojoch\u00a0 <strong>\u201e<\/strong>\u010carovn\u00e1\u00a0 flauta\u201c\u00a0 &#8211; \u010dlen\u00a0 EMCY Slovakia, ktorej 18. ro\u010dn\u00edk sa uskuto\u010dnil v d\u0148och 21.-\u00a023. novembra 2019.<\/p>\n<p style=\"text-align: justify;\">\u010eal\u0161\u00edmi\u00a0 podujatiami, ktor\u00e9 \u0161kola ka\u017edoro\u010dne organizuje s\u00fa Mikul\u00e1\u0161sky koncert, Viano\u010dn\u00fd\u00a0 koncert v\u00a0Ni\u017enej aj v\u00a0Habovke,\u00a0 koncert\u00a0 venovan\u00fd ku\u00a0\u00a0D\u0148u \u00facty k\u00a0star\u0161\u00edm, okresn\u00e9 stretnutie d\u00f4chodcov.<\/p>\n<p style=\"text-align: justify;\">V tomto \u0161kolskom roku sa v\u010faka preru\u0161eniu vyu\u010dovania nepodarilo zorganizova\u0165\u00a0mno\u017estvo pl\u00e1novan\u00fdch akci\u00ed 12. ro\u010dn\u00edk prehliadky mlad\u00fdch spev\u00e1kov \u013eudov\u00fdch piesn\u00ed\u00a0 Ni\u017enianske minisynkopy,\u00a0Haepening\u00a0 \u010carovn\u00e9 kl\u00e1vesy\u00a0,\u00a0koncert klaviristky Zuzany Vantor\u010d\u00edkovej,\u00a0Absolventsk\u00e9 koncerty,\u00a0\u010ee\u0148 otvoren\u00fdch dver\u00ed ZU\u0160 Vendel\u00edna Habov\u0161tiaka , reprezent\u00e1cia na\u0161ich \u017eiakov na s\u00fa\u0165a\u017eiach a\u00a0in\u00e9.\u00a0<\/p>\n<p style=\"text-align: justify;\">\u017diaci <em><strong>tane\u010dn\u00e9ho odboru<\/strong><\/em> sa z\u00fa\u010dastnili mno\u017estva vyst\u00fapen\u00ed\u00a0ako Jesenn\u00fd koncert,\u00a0Muzik\u00e1lov\u00fd ve\u010der v\u00a0Ni\u017enej,\u00a0Mikul\u00e1\u0161ske vyst\u00fapenie,\u00a0Viano\u010dn\u00e9 koncerty v\u00a0Ni\u017enej a\u00a0v\u00a0Habovke,\u00a0Ples kolk\u00e1rov ,Ples v\u00a0Ni\u017enej.\u00a0Tane\u010dn\u00e9 s\u00fastredenie pre najstar\u0161iu skupinu<\/p>\n<p style=\"text-align: justify;\">Po preru\u0161en\u00ed vyu\u010dovania od 16. marca z\u00a0nariadenia M\u0160 V\u0160 a\u00a0VSR organizoval TO tematick\u00e9 hodiny a\u00a0zriadili web str\u00e1nky \u201etancujeme\u00a0online\u201c.\u00a0\u00a0V\u00a0term\u00edne preru\u0161enia vyu\u010dovania bol n\u00e1\u0161 TO prihl\u00e1sen\u00fd na mno\u017estvo s\u00fa\u0165a\u017e\u00ed , ktor\u00e9 sa neuskuto\u010dnili.<\/p>\n<p style=\"text-align: justify;\">\u00a0\u00a0 <em><strong>\u00a0\u00a0\u00a0\u00a0\u00a0\u00a0\u00a0 L<\/strong><\/em><em><strong>iter\u00e1rno-dramatick<\/strong><\/em><em><strong>\u00fd<\/strong><\/em><em><strong> odbor<\/strong><\/em> ved\u00fa pani u\u010d. Mgr. Zdenka Brozov\u00e1\u00a0, Mgr. Jaroslav Broz a\u00a0Ag\u00e1ta Brozov\u00e1, ktor\u00ed pripravili aj scen\u00e1re pre ml\u00e1de\u017en\u00edcky divadeln\u00fd s\u00fabor Dobrozv\u00ed\u0165az\u00ed \u2013 Pulp (r\u00e9\u017eia Jarko a\u00a0Zdenka Brozovci) a\u00a0pre s\u00fabor Dobrozv\u00ed\u0165az\u00ed\u00a0 junior-Zlat\u00e1 rybka(sc\u00e9nar Jarko Broz,r\u00e9\u017eia Ag\u00e1tka Brozov\u00e1).<\/p>\n<p style=\"text-align: justify;\">\u00a0\u00a0\u00a0\u00a0\u00a0\u00a0\u00a0\u00a0\u00a0\u00a0\u00a0\u00a0 Z\u00a0d\u00f4vodu preru\u0161enia vyu\u010dovania sa v\u0161etky recita\u010dn\u00e9 a\u00a0divadeln\u00e9 s\u00fa\u0165a\u017ee zru\u0161ili a\u00a0presunuli na jese\u0148.\u00a0 \u00a0 \u00a0 \u00a0 \u00a0 \u00a0 \u00a0 \u00a0 \u00a0 \u00a0 \u00a0 \u00a0 \u00a0 \u00a0 \u00a0 \u00a0 \u00a0 \u00a0 \u00a0 \u00a0<\/p>\n<p style=\"text-align: justify;\">\u017diaci <em><strong>v\u00fdtvarn\u00e9ho odboru<\/strong><\/em> ZU\u0160 Ni\u017en\u00e1 reprezentovali svojimi v\u00fdtvarn\u00fdmi pr\u00e1cami na celoslovensk\u00fdch s\u00fa\u0165a\u017eiach \u201eViano\u010dn\u00e1 poh\u013eadnica\u201c ,\u00a0kde z\u00edskala 2.miesto Sofia Za\u0165kov\u00e1.\u00a0Na v\u00fdtvarnej s\u00fa\u0165a\u017ei \u201ePramienok\u201c\u00a0z\u00edskali S\u00e1rka Kubasov\u00e1,\u00a0Nelka Tro\u0161anov\u00e1 a\u00a0Veronika Blahov\u00e1 3.miesto v\u00a0kolekcii Sova, v\u0161etky \u017eia\u010dky s\u00fa z\u00a0triedy Mgr. Barbory Teke\u013eovej.\u00a0<\/p>\n<p style=\"text-align: justify;\">Okrem s\u00fa\u0165a\u017e\u00ed pripravil VO v\u00fdstavy pr\u00e1c \u017eiakov na viano\u010dn\u00fdch koncertoch v\u00a0Ni\u017enej a\u00a0Habovke, na\u00a0Celosl. s\u00fa\u0165a\u017ei \u010carovn\u00e1 flauta \u010di absolventsk\u00e9 pr\u00e1ce \u017eiakov VO\u00a0 a\u00a0\u00a0celoro\u010dn\u00e9 v\u00fdstavy \u017eiakov v\u00a0priestoroch ZU\u0160.<\/p>\n<p style=\"text-align: justify;\">\u00a0Po preru\u0161en\u00ed\u00a0vyu\u010dovania od 16.marca z\u00a0nariadenia M\u0160 ,\u00a0vedy,\u00a0\u0161portu a\u00a0v\u00fdskumu SR vyu\u010dovanie prebiehalo elektronicky.\u00a0V\u017edy v\u00a0pondelok, v\u00a0polud\u0148aj\u0161\u00edch hodin\u00e1ch ,bola na str\u00e1nke \u0161koly zverejnen\u00e1 v\u00fdzva novej pr\u00e1ce.\u00a0\u017diaci posielali pr\u00e1ce na e-mail vyu\u010duj\u00facich a\u00a0n\u00e1sledne boli zverejnen\u00e9 na str\u00e1nke \u0161koly.\u00a0Vyu\u010dovanie za\u010dalo od 15.6.2020 ,len na dobrovo\u013enej doch\u00e1dzke.<\/p>\n<p style=\"text-align: justify;\">\u00a0Na stredn\u00e9 umeleck\u00e9 \u0161koly boli prijat\u00e9 dve \u017eia\u010dky ,Vikt\u00f3ria Kov\u00e1\u010dov\u00e1-\u0160kola \u00da\u017eitkov\u00e9ho Priemyslu Ru\u017eomberok a\u00a0Petra Teke\u013eov\u00e1 \u2013Spojen\u00e1 \u0161kola Ni\u017en\u00e1.<\/p>\n<p style=\"text-align: justify;\">V <em><strong>hudobnom odbore <\/strong><\/em>sa na\u0161i \u017eiaci z\u00fa\u010dastnili\u00a0Celoslovenskej s\u00fa\u0165a\u017ee \u00a0\u010carovn\u00e1 flauta, kde \u017eiaci Ela M\u00e1ria \u0160tefanov\u00e1,\u00a0M\u00e1ria Stacherov\u00e1\u00a0 a\u00a0Jozef Sta\u0161 z\u00edskali\u00a0\u010cestn\u00e9 uznanie z\u00a0triedy Mgr.Zdena Regulyho \u00a0.\u00a0Ostatn\u00e9 s\u00fa\u0165a\u017ee sme z\u00a0d\u00f4vodu preru\u0161enia vyu\u010dovania neabsolvovali.\u00a0Vyu\u010dovanie prebiehalo online cez messenger alebo sp\u00f4sobom vide\u00ed.\u00a0 \u00a0\u00a0<\/p>\n<p style=\"text-align: justify;\">\u00a0\u00a0\u00a0\u00a0\u00a0\u00a0\u00a0\u00a0\u00a0 Okrem uveden\u00fdch podujat\u00ed organizuje \u0161kola raz do mesiaca verejn\u00e9 \u017eiacke koncerty a pozornos\u0165 si zasl\u00fa\u017ei aj verejn\u00fd absolventsk\u00fd koncert, ktor\u00fd sprev\u00e1dzala v\u00fdstava pr\u00e1c absolventov v\u00fdtvarn\u00e9ho odboru. Medzi pr\u00edle\u017eitostn\u00e9 vyst\u00fapenia na\u0161ich \u017eiakov patria koncerty pre d\u00f4chodcov, Matersk\u00fa a Z\u00e1kladn\u00fa \u0161kolu v Ni\u017enej a v Habovke.<\/p>\n<p style=\"text-align: justify;\">\u00a0<\/p>\n<h2 style=\"text-align: left;\"><strong>Materi\u00e1lno &#8211; technick\u00e9 podmienky \u0161koly:<\/strong><\/h2>\n<p style=\"text-align: justify;\">Riadite\u013estvo \u0161koly sa nach\u00e1dza v priestoroch pr\u00edstavby Z\u00e1kladnej \u0161koly s M\u0160 v Ni\u017enej. Priestory pre\u00a0 v\u00fdu\u010dbu hudobn\u00e9ho a tane\u010dn\u00e9ho odboru s\u00fa vyhovuj\u00face, av\u0161ak v\u00fdtvarn\u00fd odbor nem\u00e1 svoje vlastn\u00e9 priestory zodpovedaj\u00face v\u00fdu\u010dbe. Vyu\u010duje sa v priestoroch suter\u00e9nu Z\u0160 \u00a0a na po\u010det \u017eiakov je u\u010deb\u0148a mal\u00e1. Takisto by bolo dobr\u00e9 vybudova\u0165 u\u010deb\u0148u pre LDO.<\/p>\n<p style=\"text-align: justify;\">Do bud\u00facnosti by sn\u00e1\u010f bolo mo\u017en\u00e9 rozm\u00fd\u0161\u013ea\u0165 o dobudovan\u00ed podkrovia, ktor\u00e9 by bolo vhodn\u00e9 pr\u00e1ve pre spom\u00ednan\u00e9 \u010dinnosti.<\/p>\n<p style=\"text-align: justify;\">Okrem \u0161koly v\u00a0Ni\u017enej ,kde je 133 \u017eiakov v\u00a0HO a\u00a0167 \u017eiakov v\u00a0TO,VO a\u00a0LDO, m\u00e1me elokovan\u00e9\u00a0 pracovisk\u00e1\u00a0 v\u00a0Habovke, kde je 56 \u017eiakov v HO a 46 v TO a VO.V\u00a0Chlebniciach je 27 v HO\u00a0 a Liesku je 7 \u017eiakov vo VO. V Habovke sa v priestoroch Z\u0160 s\u00a0M\u0160 vyu\u010duje\u00a0 hudobn\u00e1 n\u00e1uka, hra na klav\u00edri, hra na husliach, hra na gitare, akorde\u00f3ne a nemal\u00fd podiel na vyu\u010dovan\u00ed maj\u00fa aj tane\u010dn\u00fd a v\u00fdtvarn\u00fd odbor.<\/p>\n<p style=\"text-align: justify;\">V\u00a0Z\u0160 s M\u0160 v Chlebniciach vyu\u010dujeme\u00a0 hru na\u00a0 flaute, saxof\u00f3ne, akorde\u00f3ne , gitare a hudobn\u00fa n\u00e1uku . V Liesku\u00a0 sa vyu\u010duje v\u00fdtvarn\u00fd odbor.<\/p>\n<p style=\"text-align: justify;\">\u00a0<\/p>\n<h2 style=\"text-align: left;\"><strong>Finan\u010dn\u00e9 a hmotn\u00e9 zabezpe\u010denie v\u00fdchovno &#8211; vzdel\u00e1vacej \u010dinnosti \u0161koly:<\/strong><\/h2>\n<p style=\"text-align: justify;\">\u0160kola z\u00edskava finan\u010dn\u00e9 prostriedky\u00a0 zo zdrojov pre financovanie origin\u00e1lnych kompetenci\u00ed\u00a0 a z pr\u00edspevku\u00a0 rodi\u010dov\u00a0 na\u00a0 \u00fahradu\u00a0 n\u00e1kladov\u00a0 spojen\u00fdch\u00a0 so\u00a0 \u0161t\u00fadiom\u00a0 pod\u013ea z\u00e1konn\u00fdch podmienok.<\/p>\n<p style=\"text-align: justify;\">\u00a0\u00a0\u00a0\u00a0\u00a0\u00a0\u00a0\u00a0\u00a0\u00a0\u00a0\u00a0 Nako\u013eko rozpo\u010dtov\u00e1 \u010diastka neposta\u010duje ani na pokrytie potrieb miezd pre zamestnancov \u0161koly, je nutn\u00e9 ch\u00fdbaj\u00face finan\u010dn\u00e9 prostriedky dop\u013a\u0148a\u0165 zo zdrojov pr\u00edspevku rodi\u010dov, \u010do v kone\u010dnom d\u00f4sledku zni\u017euje mo\u017enos\u0165 pou\u017eitia t\u00fdchto prostriedkov na zlep\u0161enie a skvalitnenie samotn\u00e9ho v\u00fdchovno-vyu\u010dovacieho procesu.<\/p>\n<p style=\"text-align: justify;\">\u00a0<\/p>\n<h2 style=\"text-align: justify;\"><strong>Cie\u013e koncep\u010dn\u00e9ho z\u00e1meru rozvoja \u0161koly:<\/strong><\/h2>\n<p style=\"text-align: justify;\">Cie\u013eom koncep\u010dn\u00e9ho z\u00e1meru rozvoja \u0161koly je dosiahnu\u0165 stabiliz\u00e1ciu celkov\u00e9ho po\u010dtu \u0161tuduj\u00facich \u017eiakov \u0161koly (pri st\u00e1le sa zni\u017euj\u00facom po\u010dte \u017eiakov v prv\u00fdch triedach Z\u0160) na minim\u00e1lne 450 \u017eiakov a optimalizova\u0165 tak aj chod \u0161koly prijat\u00edm jedn\u00e9ho a\u017e dvoch pedag\u00f3gov.\u00a0<\/p>\n<p style=\"text-align: justify;\">Z\u00e1rove\u0148 chceme dosiahnu\u0165 skvalitnenie v\u00fdchovno-vzdel\u00e1vacej pr\u00e1ce u\u010dite\u013eov vyu\u017eit\u00edm nov\u00e9ho \u0160kolsk\u00e9ho vzdel\u00e1vacieho programu, na ktorom sa akt\u00edvne podie\u013eaj\u00fa v\u0161etci vyu\u010duj\u00faci, chceme dosiahnu\u0165 skvalitnenie v\u00fdchovno- vzdel\u00e1vacej pr\u00e1ce u\u010dite\u013eov,\u00a0\u010do by malo by\u0165 predov\u0161etk\u00fdm prospe\u0161n\u00e9 pre \u017eiakov ZU\u0160. Cie\u013eom je aj person\u00e1lna stabiliz\u00e1cia obsadenia \u0161koly s redukovan\u00edm u\u010dite\u013eov so skr\u00e1ten\u00fdm vyu\u010dovac\u00edm \u00fav\u00e4zkom.<\/p>\n<p style=\"text-align: justify;\">Vedenie \u0161koly sa bude sna\u017ei\u0165 udr\u017ea\u0165 z\u00e1ujem pedag\u00f3gov o \u010fal\u0161ie vzdel\u00e1vanie . Na\u0161\u00edm cie\u013eom je aj na\u010falej udr\u017ea\u0165 vysok\u00fa umeleck\u00fa i organiza\u010dn\u00fa \u00farove\u0148 hlavn\u00e9ho projektu \u0161koly\u00a0 \u2013\u00a0 N\u00e1rodnej\u00a0 s\u00fa\u0165a\u017ee\u00a0 v hre\u00a0\u00a0 na\u00a0\u00a0 zobcovej\u00a0 flaute\u00a0 a dreven\u00fdch\u00a0 dychov\u00fdch\u00a0 n\u00e1strojoch \u201e\u010carovn\u00e1 flauta\u201c.<\/p>\n<p style=\"text-align: justify;\">\u00a0<\/p>\n<p style=\"text-align: justify;\">\u00a0\u00a0\u00a0\u00a0\u00a0\u00a0\u00a0\u00a0\u00a0\u00a0\u00a0\u00a0\u00a0\u00a0\u00a0\u00a0\u00a0\u00a0\u00a0\u00a0\u00a0\u00a0\u00a0\u00a0\u00a0\u00a0\u00a0\u00a0\u00a0\u00a0\u00a0\u00a0\u00a0\u00a0\u00a0\u00a0\u00a0\u00a0\u00a0\u00a0\u00a0<\/p>\n<p style=\"text-align: justify;\">V Ni\u017enej 21. 9. 2020 \u00a0\u00a0\u00a0\u00a0\u00a0\u00a0\u00a0\u00a0\u00a0\u00a0\u00a0\u00a0\u00a0\u00a0\u00a0<\/p>\n<p style=\"text-align: justify;\">Peter Ku\u010dka, riadite\u013e\u00a0 ZU\u0160 Vendel\u00edna Habov\u0161tiaka<\/p>\n<p style=\"text-align: justify;\">\u00a0<\/p>\n<p style=\"text-align: justify;\">\u00a0<\/p>\n","protected":false},"excerpt":{"rendered":"<div class=\"mh-excerpt\"><p>N\u00e1zov \u0161koly:\u00a0ZU\u0160 Vendel\u00edna Habov\u0161tiaka Adresa \u0161koly:\u00a0Nov\u00e1 Doba 482, 027 43 Ni\u017en\u00e1 Telef\u00f3nne \u010d\u00edslo:\u00a0 043\/5381 264 , 0911276075 Internetov\u00e1 adresa:\u00a0www.zusnizna.sk Elektronick\u00e1 adresa:\u00a0\u00a0zus@zusnizna.sk Zria\u010fovate\u013e \u0161koly:\u00a0Obec\u00a0 Ni\u017en\u00e1 Ved\u00faci <a class=\"mh-excerpt-more\" href=\"https:\/\/www.zusnizna.sk\/?p=4244\" title=\"Spr\u00e1va o v\u00fdchovno-vzdel\u00e1vacej \u010dinnosti Z\u00e1kladnej umeleckej \u0161koly Vendel\u00edna Habov\u0161tiaka za \u0161kolsk\u00fd rok 2019\/2020\">[&#8230;]<\/a><\/p>\n<\/div>","protected":false},"author":3,"featured_media":0,"comment_status":"closed","ping_status":"open","sticky":false,"template":"","format":"standard","meta":[],"categories":[2,3,1,14],"tags":[],"_links":{"self":[{"href":"https:\/\/www.zusnizna.sk\/index.php?rest_route=\/wp\/v2\/posts\/4244"}],"collection":[{"href":"https:\/\/www.zusnizna.sk\/index.php?rest_route=\/wp\/v2\/posts"}],"about":[{"href":"https:\/\/www.zusnizna.sk\/index.php?rest_route=\/wp\/v2\/types\/post"}],"author":[{"embeddable":true,"href":"https:\/\/www.zusnizna.sk\/index.php?rest_route=\/wp\/v2\/users\/3"}],"replies":[{"embeddable":true,"href":"https:\/\/www.zusnizna.sk\/index.php?rest_route=%2Fwp%2Fv2%2Fcomments&post=4244"}],"version-history":[{"count":2,"href":"https:\/\/www.zusnizna.sk\/index.php?rest_route=\/wp\/v2\/posts\/4244\/revisions"}],"predecessor-version":[{"id":4247,"href":"https:\/\/www.zusnizna.sk\/index.php?rest_route=\/wp\/v2\/posts\/4244\/revisions\/4247"}],"wp:attachment":[{"href":"https:\/\/www.zusnizna.sk\/index.php?rest_route=%2Fwp%2Fv2%2Fmedia&parent=4244"}],"wp:term":[{"taxonomy":"category","embeddable":true,"href":"https:\/\/www.zusnizna.sk\/index.php?rest_route=%2Fwp%2Fv2%2Fcategories&post=4244"},{"taxonomy":"post_tag","embeddable":true,"href":"https:\/\/www.zusnizna.sk\/index.php?rest_route=%2Fwp%2Fv2%2Ftags&post=4244"}],"curies":[{"name":"wp","href":"https:\/\/api.w.org\/{rel}","templated":true}]}}