{"id":3542,"date":"2018-10-25T09:28:58","date_gmt":"2018-10-25T07:28:58","guid":{"rendered":"http:\/\/www.zusnizna.sk\/?p=3542"},"modified":"2019-09-05T14:43:29","modified_gmt":"2019-09-05T12:43:29","slug":"sprava-o-vychovno-vzdelavacej-cinnosti-zakladnej-umeleckej-skoly-vendelina-habovstiaka-za-skolsky-rok-2017-2018","status":"publish","type":"post","link":"https:\/\/www.zusnizna.sk\/?p=3542","title":{"rendered":"Spr\u00e1va o v\u00fdchovno-vzdel\u00e1vacej \u010dinnosti Z\u00e1kladnej umeleckej \u0161koly Vendel\u00edna Habov\u0161tiaka za \u0161kolsk\u00fd rok 2017\/2018"},"content":{"rendered":"<p style=\"text-align: justify;\">N\u00e1zov \u0161koly: ZU\u0160 Vendel\u00edna Habov\u0161tiaka<\/p>\n<p style=\"text-align: justify;\">Adresa \u0161koly: Nov\u00e1 Doba 482, 027 43 Ni\u017en\u00e1<\/p>\n<p style=\"text-align: justify;\">Telef\u00f3nne \u010d\u00edslo:<strong>\u00a0 <\/strong>043\/5381 264 , 0911276075<\/p>\n<p style=\"text-align: justify;\">Internetov\u00e1 adresa: www.zusnizna.sk<\/p>\n<p style=\"text-align: justify;\">Elektronick\u00e1 adresa: \u00a0zus@zusnizna.sk<\/p>\n<p style=\"text-align: justify;\">Zria\u010fovate\u013e \u0161koly: Obec\u00a0 Ni\u017en\u00e1<\/p>\n<p style=\"text-align: justify;\">Ved\u00faci zamestnanci:<\/p>\n<ul>\n<li style=\"list-style-type: none;\">\n<ul>\n<li style=\"text-align: justify;\"><strong>Peter Ku\u010dka &#8211; riadite\u013e \u0161koly<\/strong><\/li>\n<\/ul>\n<\/li>\n<\/ul>\n<ul>\n<li style=\"text-align: justify;\"><strong>Alena Hlavajov\u00e1 &#8211; z\u00e1stupky\u0148a riadite\u013ea \u0161koly<\/strong><\/li>\n<\/ul>\n<h2 style=\"text-align: justify;\">Rada \u0161koly:<\/h2>\n<p style=\"text-align: justify;\">Predseda:<strong> Mgr. Bohuslav Kortman<\/strong><\/p>\n<p style=\"text-align: justify;\">\u010clenovia:<\/p>\n<ul style=\"text-align: justify;\">\n<li>Mgr. Anna Holub\u010d\u00edkov\u00e1,<\/li>\n<li>Ing. Jana Tuh\u00e1<\/li>\n<li>Andrea Slim\u00e1kov\u00e1<\/li>\n<li>Margar\u00e9ta Ko\u0161tialov\u00e1<\/li>\n<li>Rastislav \u0160tec<\/li>\n<li>Rastislav Malatinka<\/li>\n<li>Jozef Virostko<\/li>\n<li>Miroslav Slosiar, od marca 2018 Martin \u017duffa<\/li>\n<li>Mgr. Barbora Teke\u013eov\u00e1<\/li>\n<li>Darina Zajacov\u00e1<\/li>\n<\/ul>\n<h2 style=\"text-align: justify;\">Umeleck\u00e1 rada \u0161koly:<\/h2>\n<p style=\"text-align: justify;\">Predseda: <strong>Peter Ku\u010dka<\/strong><\/p>\n<p style=\"text-align: justify;\">\u010clenovia:<\/p>\n<ul style=\"text-align: justify;\">\n<li>Katar\u00edna Ba\u010dov\u00e1<\/li>\n<li>Alena Hlavajov\u00e1<\/li>\n<li>Bohuslav Kortman<\/li>\n<li>Miroslava Malatinkov\u00e1<\/li>\n<li>Magdal\u00e9na Mat\u00fa\u0161ov\u00e1<\/li>\n<\/ul>\n<h2 style=\"text-align: justify;\">Predmetov\u00e9 komisie:<\/h2>\n<h3 style=\"text-align: justify;\">Predmetov\u00e1 komisia oddelenia kl\u00e1vesov\u00fdch n\u00e1strojov<\/h3>\n<ul style=\"text-align: justify;\">\n<li>hra na klav\u00edri<\/li>\n<li>hra na akorde\u00f3ne<\/li>\n<\/ul>\n<p style=\"text-align: justify;\">Ved\u00faca PK:\u00a0 Mgr. Eva \u0160imi\u010d\u00e1kov\u00e1<\/p>\n<p style=\"text-align: justify;\">\u010clenovia:<\/p>\n<ul style=\"text-align: justify;\">\n<li>Alena Hlavajov\u00e1<\/li>\n<li>Zuzana \u017duffov\u00e1<\/li>\n<li>Elena Ballekov\u00e1<\/li>\n<li>Katar\u00edna Zubersk\u00e1<\/li>\n<li>M\u00e1ria Bist\u00e1rov\u00e1<\/li>\n<li>Juraj Tomadl\u00edk<\/li>\n<\/ul>\n<h3 style=\"text-align: justify;\">Predmetov\u00e1 komisia oddelenia dychov\u00fdch n\u00e1strojov<\/h3>\n<ul style=\"text-align: justify;\">\n<li>hra na zobcovej flaute<\/li>\n<li>hra na prie\u010dnej flaute<\/li>\n<li>spev s\u00f3lov\u00fd a\u00a0skupinov\u00fd<\/li>\n<\/ul>\n<p style=\"text-align: justify;\">Ved\u00faca PK: <strong>Katar\u00edna Ba\u010dov\u00e1<\/strong><\/p>\n<p style=\"text-align: justify;\">\u010clenovia:<\/p>\n<ul style=\"text-align: justify;\">\n<li>Zuzana Such\u00e1nkov\u00e1<\/li>\n<li>Art. Pavol Ba\u017e\u00edk<\/li>\n<li>Zdeno Reguly<\/li>\n<\/ul>\n<h3 style=\"text-align: justify;\">Predmetov\u00e1 komisia strunov\u00fdch n\u00e1strojov<\/h3>\n<ul style=\"text-align: justify;\">\n<li>hra na husliach<\/li>\n<li>hra na gitare<\/li>\n<\/ul>\n<p style=\"text-align: justify;\">Ved\u00faca PK: <strong>Magdal\u00e9na Mat\u00fa\u0161ov\u00e1<\/strong><\/p>\n<p style=\"text-align: justify;\">\u010clenovia:<\/p>\n<ul style=\"text-align: justify;\">\n<li>M\u00e1rio Kubas Dis.art.<\/li>\n<li>Bohuslav Kortman<\/li>\n<li>Peter Ku\u010dka<\/li>\n<li>Janka Ku\u010dkov\u00e1<\/li>\n<li>Petra Ku\u010dkov\u00e1<\/li>\n<li>Miroslav \u0160tefan<\/li>\n<li>Zdeno Reguly<\/li>\n<li>D\u00e1vid \u0160\u00e1ndor Dis.art.<\/li>\n<\/ul>\n<h3 style=\"text-align: justify;\">Predmetov\u00e1 komisia\u00a0 oddelenia kolekt\u00edvnych predmetov<\/h3>\n<ul style=\"text-align: justify;\">\n<li>pr\u00edpravn\u00e1 hudobn\u00e1 v\u00fdchova<\/li>\n<li>hudobn\u00e1 n\u00e1uka<\/li>\n<\/ul>\n<p style=\"text-align: justify;\">Ved\u00faci PK: <strong>Mgr. Bohuslav Kortman<\/strong><\/p>\n<p style=\"text-align: justify;\">\u010clenovia:<\/p>\n<ul style=\"text-align: justify;\">\n<li>Katar\u00edna Ba\u010dov\u00e1<\/li>\n<li>Eva \u0160imi\u010d\u00e1kov\u00e1<\/li>\n<li>Zdeno Reguly<\/li>\n<li>Zuzana \u017duffov\u00e1<\/li>\n<\/ul>\n<h3 style=\"text-align: justify;\">Predmetov\u00e1 komisia tane\u010dn\u00e9ho, v\u00fdtvarn\u00e9ho a\u00a0liter\u00e1rno-dramatick\u00e9ho odboru<\/h3>\n<p style=\"text-align: justify;\">Ved\u00faca PK:\u00a0 <strong>Mgr. Miroslava Malatinkov\u00e1<\/strong><\/p>\n<p style=\"text-align: justify;\">\u010clenovia:<\/p>\n<ul style=\"text-align: justify;\">\n<li>Jaroslav Broz<\/li>\n<li>Zdena Brozov\u00e1<\/li>\n<li>\u013dubom\u00edr Jarol\u00edn<\/li>\n<li>Nat\u00e1lia Stasov\u00e1<\/li>\n<li>Barbora Teke\u013eov\u00e1<\/li>\n<\/ul>\n<h2 style=\"text-align: justify;\">\u00dadaje o po\u010dte \u017eiakov:<\/h2>\n<p style=\"text-align: justify;\">\u0160kolu nav\u0161tevovalo v\u00a0\u0161k. roku 2017\/2018 spolu 454 \u017eiakov.<\/p>\n<p style=\"text-align: justify;\">Z\u00a0toho:<\/p>\n<table>\n<tbody>\n<tr>\n<td style=\"text-align: center;\" width=\"92\"><strong>Odbor<\/strong><\/td>\n<td style=\"text-align: center;\" width=\"170\"><strong>Ro\u010dn\u00edkov\u00ed \u017eiaci<\/strong><\/td>\n<td style=\"text-align: center;\" width=\"170\"><strong>Pr\u00edpravn\u00e9 \u0161t\u00fadium<\/strong><\/td>\n<td style=\"text-align: center;\" width=\"170\"><strong>\u0160t\u00fadium pre dospel\u00fdch<\/strong><\/td>\n<\/tr>\n<tr>\n<td style=\"text-align: center;\" width=\"92\"><strong>HO<\/strong><\/td>\n<td style=\"text-align: center;\" width=\"170\">210<\/td>\n<td style=\"text-align: center;\" width=\"170\">26<\/td>\n<td style=\"text-align: center;\" width=\"170\">&#8211;<\/td>\n<\/tr>\n<tr>\n<td style=\"text-align: center;\" width=\"92\"><strong>VO<\/strong><\/td>\n<td style=\"text-align: center;\" width=\"170\">84<\/td>\n<td style=\"text-align: center;\" width=\"170\">3<\/td>\n<td style=\"text-align: center;\" width=\"170\">&#8211;<\/td>\n<\/tr>\n<tr>\n<td style=\"text-align: center;\" width=\"92\"><strong>TO<\/strong><\/td>\n<td style=\"text-align: center;\" width=\"170\">74<\/td>\n<td style=\"text-align: center;\" width=\"170\">27<\/td>\n<td style=\"text-align: center;\" width=\"170\">&#8211;<\/td>\n<\/tr>\n<tr>\n<td style=\"text-align: center;\" width=\"92\"><strong>LDO<\/strong><\/td>\n<td style=\"text-align: center;\" width=\"170\">20<\/td>\n<td style=\"text-align: center;\" width=\"170\">&#8211;<\/td>\n<td style=\"text-align: center;\" width=\"170\">22<\/td>\n<\/tr>\n<\/tbody>\n<\/table>\n<h2 style=\"text-align: justify;\">\u00dadaje o\u00a0klasifik\u00e1cii \u017eiakov:<\/h2>\n<p style=\"text-align: justify;\">Z\u00a0po\u010dtu \u017eiakov 454 prospelo s vyznamenan\u00edm\u00a0 332 \u017eiakov, prospelo 43 a\u00a0neprospelo 0 \u017eiakov.79 \u017eiakov nav\u0161tevovalo P\u0160.<\/p>\n<h2 style=\"text-align: justify;\">U\u010debn\u00e9 pl\u00e1ny<\/h2>\n<p style=\"text-align: justify;\">Vyu\u010dovanie na \u0161kole je realizovan\u00e9 pod\u013ea U\u010debn\u00fdch pl\u00e1nov schv\u00e1len\u00fdch M\u0160 SR pre ZU\u0160 z roku 2009 pod \u010d\u00edslom CD 2009-27474\/21375 a \u0160kolsk\u00e9ho vzdel\u00e1vacieho programu pre prv\u00fa a druh\u00fa \u010das\u0165 prv\u00e9ho stup\u0148a.<\/p>\n<h2 style=\"text-align: justify;\">\u00dadaje o po\u010dte zamestnancov<\/h2>\n<p style=\"text-align: justify;\">25 pedagogick\u00fdch zamestnancov<\/p>\n<p style=\"text-align: justify;\">6 prev\u00e1dzkov\u00ed zamestnanci<\/p>\n<h2 style=\"text-align: justify;\">Plnenie kvalifika\u010dn\u00fdch predpokladov<\/h2>\n<p style=\"text-align: justify;\">Pedagogick\u00fd zbor tvor\u00ed 24 kvalifikovan\u00fdch a 1\u00a0 nekvalifikovan\u00fd pedagogick\u00fd zamestnanec.<\/p>\n<h2 style=\"text-align: justify;\">\u010eal\u0161ie vzdel\u00e1vanie pedagogick\u00fdch zamestnancov<\/h2>\n<p style=\"text-align: justify;\">Jeden pedag\u00f3g \u0161tuduje na Konzervat\u00f3riu vo Zvolene hru na klav\u00edri. Ostatn\u00ed pedag\u00f3govia si dop\u013a\u0148aj\u00fa odbornos\u0165 na \u0161pecializovan\u00fdch semin\u00e1roch, tvoriv\u00fdch diel\u0148ach a majstrovsk\u00fdch kurzoch usporiadan\u00fdch pri celoslovensk\u00fdch a medzin\u00e1rodn\u00fdch umeleck\u00fdch festivaloch a\u00a0s\u00fa\u0165a\u017eiach.<\/p>\n<p style=\"text-align: justify;\"><strong>\u00a0<\/strong><\/p>\n<h2 style=\"text-align: justify;\">Aktivity a prezent\u00e1cie \u0161koly<\/h2>\n<p style=\"text-align: justify;\">Hlavn\u00fdm cie\u013eom pre tento \u0161kolsk\u00fd rok bola \u00fa\u010das\u0165 \u013dH Ostrvka na Eur\u00f3pskom festivale hudobnej ml\u00e1de\u017ee v\u00a0Holandsku.<\/p>\n<p style=\"text-align: justify;\">Nosn\u00fdm projektom \u0161koly je n\u00e1rodn\u00e1 s\u00fa\u0165a\u017e \u017eiakov z\u00e1kladn\u00fdch umeleck\u00fdch \u0161k\u00f4l v hre na zobcovej flaute a dreven\u00fdch dychov\u00fdch n\u00e1strojoch <strong>\u201e<\/strong>\u010carovn\u00e1 flauta\u201c &#8211; \u010dlen EMCY Slovakia, ktorej 16. ro\u010dn\u00edk sa uskuto\u010dnil v d\u0148och 22. &#8211; 24. novembra 2017.<\/p>\n<p style=\"text-align: justify;\">\u010eal\u0161\u00edmi podujatiami, ktor\u00e9 \u0161kola ka\u017edoro\u010dne organizuje s\u00fa Mikul\u00e1\u0161sky koncert, Viano\u010dn\u00fd koncert v\u00a0Ni\u017enej aj v\u00a0Habovke, koncert venovan\u00fd ku D\u0148u \u00facty k\u00a0star\u0161\u00edm, okresn\u00e9 stretnutie d\u00f4chodcov, De\u0148 matiek, v\u00fdchovn\u00e9 koncerty v\u00a0Chlebniciach, v Ni\u017enej a\u00a0Habovke.<\/p>\n<p style=\"text-align: justify;\">V tomto \u0161kolskom roku sa podarilo zorganizova\u0165 10. ro\u010dn\u00edk prehliadky mlad\u00fdch spev\u00e1kov \u013eudov\u00fdch piesn\u00ed Ni\u017enianske minisynkopy, ktor\u00e1 sa uskuto\u010dnila 22.apr\u00edla 2018. Za sprievodu \u013dH pedag\u00f3gov ZU\u0160 Ni\u017en\u00e1 sa predstavilo 11 spev\u00e1kov z Chlebn\u00edc, Zuberca, Podbiela, Ni\u017enej, Z\u00e1biedova a M\u00fatneho. Hos\u0165ami podujatia boli \u013dH Ostrvka, \u013dH bratov Mur\u00ednovcov a\u00a0TO ZU\u0160. Hlavn\u00fdm hos\u0165om programu bol \u010dlen \u0160t\u00e1tnej opery v\u00a0Banskej Bystrici, p\u00e1n \u0160tefan Babjak.<\/p>\n<p style=\"text-align: justify;\">\u017diaci <strong><em>tane\u010dn\u00e9ho odboru<\/em><\/strong> sa z\u00fa\u010dastnili mno\u017estva vyst\u00fapen\u00ed\u00a0ako Dni mesta Ho\u0159ice, Martinsk\u00fd jarmok, koncert v\u00a0Jablonke, Tvrdo\u0161\u00edn h\u013ead\u00e1 talent\/z\u00edskali hlavn\u00fa cenu a\u00a0cenu div\u00e1ka\/,Orava m\u00e1 talent\/fin\u00e1le\/,Goralsk\u00e1 nede\u013ea, V\u00edtanie jari, Minisynkopy, Ni\u017eniansky kotl\u00edk, pre jubilantov v\u00a0Ni\u017enej, Stavanie m\u00e1ja, Tane\u010dn\u00fd Kub\u00edn (celosl s\u00fa\u0165a\u017e) ,Ryba\u0159sk\u00e9 dny Vod\u0148any, V\u00fdro\u010die Fsk Goral Such\u00e1 Hora, V\u00fdro\u010die FS Podbie\u013ean a\u00a0mno\u017estvo vyst\u00fapen\u00ed na plesoch a in\u00fdch podujatiach.<\/p>\n<p style=\"text-align: justify;\"><strong><em>Liter\u00e1rno-dramatick\u00fd odbor<\/em><\/strong> ved\u00fa pani u\u010d. Mgr. Zdenka Brozov\u00e1 , Mgr. Jaroslav Broz a\u00a0Ag\u00e1tka Brozov\u00e1, ktor\u00ed pripravili aj scen\u00e1re pre detsk\u00fd divadeln\u00fd s\u00fabor Dobrozv\u00ed\u0165az\u00ed &#8211; Tri muchy jednou ranou (r\u00e9\u017eia Jarko a\u00a0Zdenka Brozovci) a\u00a0pre nov\u00fd s\u00fabor Dobrozv\u00ed\u0165az\u00ed junior &#8211; Logick\u00e1 z\u00e1hrada (scen\u00e1r Jarko Broz, r\u00e9\u017eia Ag\u00e1tka Brozov\u00e1)<\/p>\n<p style=\"text-align: justify;\">V marci z\u00edskali na Okresnom kole HK 1. miesta v\u0161etci z\u00fa\u010dastnen\u00ed \u010dlenovia divadeln\u00e9ho s\u00faboru Dobrozv\u00ed\u0165az\u00ed, \u010do bol najv\u00e4\u010d\u0161\u00ed \u00faspech za \u010fesa\u0165ro\u010die trvania LDO na na\u0161ej \u0161kole. A\u00a0to bol len za\u010diatok \u00faspechov. Na krajskej s\u00fa\u0165a\u017ei HK z\u00edskali na\u0161i mlad\u00ed herci tri prv\u00e9 miesta s\u00a0postupom na Celoslovensk\u00e9 kolo HK do Doln\u00e9ho Kub\u00edna, dve druh\u00e9 a\u00a0jedno tretie miesto. Okrem s\u00fa\u0165a\u017ee Hviezdoslavov Kub\u00edn sa po postupe z\u00a0Region\u00e1lneho kola s\u00fa\u0165a\u017ee v\u00a0prednese slovensk\u00fdch rozpr\u00e1vok \u201eZlat\u00e1 podkova, zlat\u00e9 pero, zlat\u00fd vlas\u201c stal v\u00ed\u0165azom celoslovensk\u00e9ho kola Martin Lorinc a\u00a02. miesto z\u00edskala Ag\u00e1tka Brozov\u00e1 na Celoslovenskej s\u00fa\u0165a\u017ei Dilongova Trsten\u00e1.<\/p>\n<p style=\"text-align: justify;\">Osobitne sa tento \u0161kolsk\u00fd rok darilo na\u0161im divadielkam. Na region\u00e1lnom kole v\u00a0Dolnom Kub\u00edne\u00a0 z\u00edskali 1. miesta. Na Krajskej s\u00fa\u0165a\u017ei Detsk\u00fd divadeln\u00fd medve\u010f v\u00a0\u017diline z\u00edskal DDS Dobrozv\u00ed\u0165az\u00ed zlat\u00e9 p\u00e1smo a\u00a0cenu riadite\u013eky KKS a\u00a0n\u00e1vrh na postup na Celoslovensk\u00fa s\u00fa\u0165a\u017e Zlat\u00e1 priadka do \u0160ale a\u00a0z\u00e1rove\u0148 ponuku \u00fa\u010dinkova\u0165 na Medzin\u00e1rodnom divadelnom festivale Divadeln\u00e1 chal\u00fapka v\u00a0Brezne. Na Krajskej s\u00fa\u0165a\u017ei Vajansk\u00e9ho Martin, z\u00edskal DRK Dobrozv\u00ed\u0165az\u00ed junior 2. miesto a\u00a0postup na Celoslovensk\u00fd Hviezdoslavov Kub\u00edn. Na Celoslovenskej s\u00fa\u0165a\u017ei v\u00a0Dolnom Kub\u00edne zaujali svoj\u00edm prirodzen\u00fdm prejavom porotu a\u00a0z\u00edskali hlavn\u00fa cenu NOC a\u00a0mo\u017enos\u0165 sa predstavi\u0165 na Sc\u00e9nickej \u017eatve v\u00a0Martine, kde sa predstavuj\u00fa v\u00ed\u0165azn\u00e9 divadl\u00e1 v\u0161etk\u00fdch vekov\u00fdch kateg\u00f3ri\u00ed.<\/p>\n<p style=\"text-align: justify;\">\u017diaci <strong><em>v\u00fdtvarn\u00e9ho odboru<\/em><\/strong> ZU\u0160 Ni\u017en\u00e1 reprezentovali svojimi v\u00fdtvarn\u00fdmi pr\u00e1cami na celoslovensk\u00fdch s\u00fa\u0165a\u017eiach, ako XXIII. ro\u010dn\u00edk Bien\u00e1le fant\u00e1zie v\u00a0Martine, Ex Libris Hlohovec, Fullova paleta 2018 Ru\u017eomberok, Kr\u00eddla fant\u00e1zie 2017 P\u00fachov, R\u00ed\u0161a fant\u00e1zie 2018 Lu\u010denec, \u017ditnoostrovsk\u00e9 pastelky 2018 Dunajsk\u00e1 Streda, \u00a0\u00a0\u201eViano\u010dn\u00e1 poh\u013eadnica\u201c a in\u00e9. Okrem s\u00fa\u0165a\u017e\u00ed pripravil VO v\u00fdstavy pr\u00e1c \u017eiakov na viano\u010dn\u00fdch koncertoch v\u00a0Ni\u017enej a\u00a0Habovke. Pri pr\u00edle\u017eitosti Celoslovenskej s\u00fa\u0165a\u017ee \u010carovn\u00e1 flauta, absolventsk\u00e9 pr\u00e1ce \u017eiakov VO\u00a0 a\u00a0celoro\u010dn\u00e9 v\u00fdstavy \u017eiakov v\u00a0priestoroch ZU\u0160.<\/p>\n<p style=\"text-align: justify;\">V <strong><em>hudobnom odbore <\/em><\/strong>sa na\u0161i \u017eiaci z\u00fa\u010dastnili nasledovn\u00fdch s\u00fa\u0165a\u017e\u00ed: Celoslovensk\u00e1 s\u00fa\u0165a\u017e \u010carovn\u00e1 flauta, \u00a0\u00a0,,Orsz\u00e1gova Kremnica, Region\u00e1lna s\u00fa\u0165a\u017e dychov\u00fdch n\u00e1strojov v Trstenej, Region\u00e1lna s\u00fa\u0165a\u017e Biela Orava a\u00a0in\u00e9.<\/p>\n<p style=\"text-align: justify;\">\u013dH Ostrvka pod veden\u00edm Miroslava \u0160tefana sa okrem mno\u017estva vyst\u00fapen\u00ed ako Mesiac \u00facty k\u00a0star\u0161\u00edm,\u00a0\u00a0\u00a0 \u00a0Ni\u017enianske minisynkopy, Ni\u017enianske spievanky a\u00a0\u010fal\u0161ie, n\u00e1s reprezentovali na Eur\u00f3pskom festivale hudobnej ml\u00e1de\u017ee v\u00a0Holandskom meste Sneek. Tu sa predstavili medzi 6000 muzikantami\u00a0 z\u00a0celej Eur\u00f3py.<strong> Aby ZU\u0160 V. Habov\u0161tiaka mohla by\u0165 na tomto \u00fa\u017easnom podujat\u00ed, patr\u00ed v\u010faka Oc\u00da na \u010dele s\u00a0p\u00e1nom starostom Ing. Jaroslavom Rosinom, \u00a0ktor\u00fd t\u00fato akciu a aj in\u00e9 finan\u010dne podporil.<\/strong><\/p>\n<p style=\"text-align: justify;\">Okrem uveden\u00fdch podujat\u00ed organizuje \u0161kola raz do mesiaca verejn\u00e9 \u017eiacke koncerty a pozornos\u0165 si zasl\u00fa\u017eia aj verejn\u00fd absolventsk\u00fd koncert, ktor\u00fd sprev\u00e1dzala v\u00fdstava pr\u00e1c absolventov v\u00fdtvarn\u00e9ho odboru. Medzi pr\u00edle\u017eitostn\u00e9 vyst\u00fapenia na\u0161ich \u017eiakov patria koncerty pre d\u00f4chodcov, Matersk\u00fa a Z\u00e1kladn\u00fa \u0161kolu v Ni\u017enej a v Habovke.<\/p>\n<h2 style=\"text-align: justify;\">Materi\u00e1lno-technick\u00e9 podmienky \u0161koly:<\/h2>\n<p style=\"text-align: justify;\">Riadite\u013estvo \u0161koly sa nach\u00e1dza v priestoroch pr\u00edstavby Z\u00e1kladnej \u0161koly s M\u0160 v Ni\u017enej. Priestory pre\u00a0 v\u00fdu\u010dbu hudobn\u00e9ho a tane\u010dn\u00e9ho odboru s\u00fa vyhovuj\u00face, av\u0161ak v\u00fdtvarn\u00fd odbor nem\u00e1 svoje vlastn\u00e9 priestory zodpovedaj\u00face v\u00fdu\u010dbe. Vyu\u010duje sa v priestoroch suter\u00e9nu Z\u0160 \u00a0a na po\u010det \u017eiakov je u\u010deb\u0148a mal\u00e1. Takisto by bolo dobr\u00e9 vybudova\u0165 u\u010deb\u0148u pre LDO.<\/p>\n<p style=\"text-align: justify;\">Do bud\u00facnosti by sn\u00e1\u010f bolo mo\u017en\u00e9 rozm\u00fd\u0161\u013ea\u0165 o dobudovan\u00ed podkrovia, ktor\u00e9 by bolo vhodn\u00e9 pr\u00e1ve pre spom\u00ednan\u00e9 \u010dinnosti.<\/p>\n<p style=\"text-align: justify;\">Okrem \u0161koly v\u00a0Ni\u017enej, kde je 121 \u017eiakov v\u00a0hudobnom odbore a\u00a0174 \u017eiakov v\u00a0tane\u010dnom, v\u00fdtvarnom a\u00a0liter\u00e1rnom-dramatickom odbore, m\u00e1me elokovan\u00e9 pracovisk\u00e1 v\u00a0Habovke, kde je 41 \u017eiakov v\u00a0hudobnom odbore a 55 v tane\u010dnom a\u00a0v\u00fdtvarnom odbore. V\u00a0Chlebniciach je 43 v HO a Liesku je 7 \u017eiakov vo VO. V Habovke sa v priestoroch Z\u0160 s\u00a0M\u0160 vyu\u010duje hudobn\u00e1 n\u00e1uka, hra na klav\u00edri, hra na husliach, hra na gitare, akorde\u00f3n a nemal\u00fd podiel na vyu\u010dovan\u00ed maj\u00fa aj tane\u010dn\u00fd a v\u00fdtvarn\u00fd odbor. V\u00a0Z\u0160 s M\u0160 v Chlebniciach vyu\u010dujeme\u00a0 hru na husliach, flaute, saxof\u00f3ne, akorde\u00f3ne, gitare a hudobn\u00fa n\u00e1uku . V Liesku sa vyu\u010duje v\u00fdtvarn\u00fd odbor.<\/p>\n<h2 style=\"text-align: justify;\">Finan\u010dn\u00e9 a hmotn\u00e9 zabezpe\u010denie v\u00fdchovno-vzdel\u00e1vacej \u010dinnosti \u0161koly:<\/h2>\n<p style=\"text-align: justify;\">\u0160kola z\u00edskava finan\u010dn\u00e9 prostriedky zo zdrojov pre financovanie origin\u00e1lnych kompetenci\u00ed a z pr\u00edspevku rodi\u010dov na \u00fahradu n\u00e1kladov spojen\u00fdch so \u0161t\u00fadiom pod\u013ea z\u00e1konn\u00fdch podmienok. Nako\u013eko rozpo\u010dtov\u00e1 \u010diastka neposta\u010duje ani na pokrytie potrieb miezd pre zamestnancov \u0161koly, je nutn\u00e9 ch\u00fdbaj\u00face finan\u010dn\u00e9 prostriedky dop\u013a\u0148a\u0165 zo zdrojov pr\u00edspevku rodi\u010dov, \u010do v kone\u010dnom d\u00f4sledku zni\u017euje mo\u017enos\u0165 pou\u017eitia t\u00fdchto prostriedkov na zlep\u0161enie a skvalitnenie samotn\u00e9ho v\u00fdchovno-vyu\u010dovacieho procesu.<\/p>\n<h2 style=\"text-align: justify;\">Cie\u013e koncep\u010dn\u00e9ho z\u00e1meru rozvoja \u0161koly:<\/h2>\n<p style=\"text-align: justify;\">Cie\u013eom koncep\u010dn\u00e9ho z\u00e1meru rozvoja \u0161koly je dosiahnu\u0165 stabiliz\u00e1ciu celkov\u00e9ho po\u010dtu \u0161tuduj\u00facich \u017eiakov \u0161koly (pri st\u00e1le sa zni\u017euj\u00facom po\u010dte \u017eiakov v prv\u00fdch triedach Z\u0160) na minim\u00e1lne 450 \u017eiakov a optimalizova\u0165 tak aj chod \u0161koly prijat\u00edm jedn\u00e9ho a\u017e dvoch pedag\u00f3gov.<\/p>\n<p style=\"text-align: justify;\">Z\u00e1rove\u0148 chceme dosiahnu\u0165 skvalitnenie v\u00fdchovno-vzdel\u00e1vacej pr\u00e1ce u\u010dite\u013eov vyu\u017eit\u00edm nov\u00e9ho \u0160kolsk\u00e9ho vzdel\u00e1vacieho programu, na ktorom sa akt\u00edvne podie\u013eaj\u00fa v\u0161etci vyu\u010duj\u00faci, chceme dosiahnu\u0165 skvalitnenie v\u00fdchovno-vzdel\u00e1vacej pr\u00e1ce u\u010dite\u013eov, \u010do by malo by\u0165 predov\u0161etk\u00fdm prospe\u0161n\u00e9 pre \u017eiakov ZU\u0160. Cie\u013eom je aj person\u00e1lna stabiliz\u00e1cia obsadenia \u0161koly s redukovan\u00edm u\u010dite\u013eov so skr\u00e1ten\u00fdm vyu\u010dovac\u00edm \u00fav\u00e4zkom.<\/p>\n<p style=\"text-align: justify;\">Vedenie \u0161koly sa bude sna\u017ei\u0165 udr\u017ea\u0165 z\u00e1ujem pedag\u00f3gov o \u010fal\u0161ie vzdel\u00e1vanie . Na\u0161\u00edm cie\u013eom je aj na\u010falej udr\u017ea\u0165 vysok\u00fa umeleck\u00fa i organiza\u010dn\u00fa \u00farove\u0148 hlavn\u00e9ho projektu \u0161koly \u2013 N\u00e1rodnej s\u00fa\u0165a\u017ee v hre na zobcovej flaute a dreven\u00fdch dychov\u00fdch n\u00e1strojoch \u201e\u010carovn\u00e1 flauta\u201c.<\/p>\n<h2 style=\"text-align: justify;\">Oblasti, v ktor\u00fdch dosiahla \u0161kola dobr\u00e9 v\u00fdsledky:<\/h2>\n<h3 style=\"text-align: justify;\">HUDOBN\u00dd ODBOR<\/h3>\n<p style=\"text-align: justify;\"><strong>\u010carovn\u00e1\u00a0 flauta\u00a0 <\/strong><\/p>\n<ul style=\"text-align: justify;\">\n<li>Barbora Cvoligov\u00e1 &#8211; \u010destn\u00e9 uznanie &#8211; p. u\u010d. K. Ba\u010dov\u00e1<\/li>\n<\/ul>\n<p style=\"text-align: justify;\"><strong>\u00a0<\/strong><\/p>\n<p style=\"text-align: justify;\"><strong>Orsz\u00e1gova Kremnica \u2013 celoslovensk\u00e1 s\u00fa\u0165a\u017e v\u00a0hre na husliach<\/strong><\/p>\n<ul style=\"text-align: justify;\">\n<li>Alexandra Murinov\u00e1 &#8211; bronzov\u00e9 p\u00e1smo \u2013 p. u\u010d P. Ku\u010dka<\/li>\n<li>Michaela Holub\u010d\u00edkov\u00e1 &#8211; bronzov\u00e9 p\u00e1smo \u2013 p. u\u010d. M. Mat\u00fa\u0161ov\u00e1<\/li>\n<\/ul>\n<p style=\"text-align: justify;\"><strong>Biela Orava N\u00e1mestovo \u2013 hra na husliach <\/strong><\/p>\n<ul style=\"text-align: justify;\">\n<li>Alexandra Murinov\u00e1 &#8211; 2. miesto &#8211; p. u\u010d. P.Ku\u010dka<\/li>\n<li>Martinka Kov\u00e1\u010dikov\u00e1- 2.miesto &#8211; p. u\u010d. P.Ku\u010dka<\/li>\n<\/ul>\n<p style=\"text-align: justify;\"><strong>Biela Orava N\u00e1mestovo &#8211; hra na klav\u00edri<\/strong><\/p>\n<ul style=\"text-align: justify;\">\n<li>Miroslav Kov\u00e1\u010d &#8211; \u010destn\u00e9 uznanie klav\u00edr \u2013 p. u\u010d. Mgr .E. \u0160imi\u010d\u00e1kov\u00e1<\/li>\n<\/ul>\n<p style=\"text-align: justify;\"><strong>Region\u00e1lna dychov\u00e1 s\u00fa\u0165a\u017e Trstenej<\/strong><\/p>\n<ul style=\"text-align: justify;\">\n<li>Jozef. Sta\u0161 &#8211; zlat\u00e9 p\u00e1smo &#8211; p. u\u010d. Mgr. Z. Reguly<\/li>\n<li>M\u00e1ria. Stacherov\u00e1 &#8211; zlat\u00e9 p\u00e1smo &#8211; p. u\u010d. Mgr. Z. Reguly<\/li>\n<li>Benjamin Sta\u0161 &#8211; strieborn\u00e9 p\u00e1smo &#8211; p. u\u010d. Mgr. Z. Reguly<\/li>\n<\/ul>\n<h3>LITER\u00c1RNO-DRAMATICK\u00dd ODBOR<\/h3>\n<p style=\"text-align: justify;\">\u00a0\u00a0\u00a0\u00a0\u00a0\u00a0\u00a0 <strong>Hviezdoslavov Kub\u00edn okresn\u00e9 kolo<\/strong><\/p>\n<ol style=\"text-align: justify;\">\n<li>miesto:\n<ul>\n<li>Kajka Jandurov\u00e1<\/li>\n<li>Nelka Drnd\u00e1\u0161ov\u00e1<\/li>\n<li>Evka Dobrovolsk<\/li>\n<li>Adam Drnd\u00e1\u0161<\/li>\n<li>Emka Dobrovolsk\u00e1<\/li>\n<li>Timka Hu\u010dalov\u00e1<\/li>\n<li>Bianka Kr\u00ed\u017eikov\u00e1<\/li>\n<li>Ani\u010dka Saganov\u00e1<\/li>\n<\/ul>\n<\/li>\n<li>miesto:\n<ul>\n<li>Ag\u00e1tka Brozov\u00e1<\/li>\n<\/ul>\n<\/li>\n<\/ol>\n<p style=\"text-align: justify;\"><strong>Hviezdoslavov Kub\u00edn (Vajansk\u00e9ho Martin) krajsk\u00e9 kolo<\/strong><\/p>\n<ol style=\"text-align: justify;\">\n<li>miesto:\n<ul>\n<li>Kajka Jandurov\u00e1<\/li>\n<li>Nelka Drnd\u00e1\u0161ov\u00e1<\/li>\n<li>Adam Drnd\u00e1\u0161<\/li>\n<\/ul>\n<\/li>\n<li>miesto\n<ul>\n<li>Evka Dobrovolsk\u00e1<\/li>\n<li>Martin Lorinc<\/li>\n<\/ul>\n<\/li>\n<li>miesto\n<ul>\n<li>Timka Hu\u010dalov\u00e1<\/li>\n<\/ul>\n<\/li>\n<\/ol>\n<p style=\"text-align: justify;\"><strong>Celoslovensk\u00e1 s\u00fa\u0165a\u017e Zlat\u00e1 podkova, zlat\u00e9 pero, zlat\u00fd vlas<\/strong><\/p>\n<ol style=\"text-align: justify;\">\n<li>miesto: Martin Lorinc<\/li>\n<\/ol>\n<p style=\"text-align: justify;\"><strong>Celoslovensk\u00e1 s\u00fa\u0165a\u017e Dilongova Trsten\u00e1<\/strong><\/p>\n<p style=\"text-align: justify;\">\u00a0 \u00a0 \u00a02. miesto: Ag\u00e1tka Brozov\u00e1<\/p>\n<h3 style=\"text-align: justify;\">TANE\u010cN\u00dd ODBOR<\/h3>\n<p style=\"text-align: justify;\"><strong>\u00a0\u00a0\u00a0\u00a0\u00a0\u00a0\u00a0 Tvrdo\u0161\u00edn h\u013ead\u00e1 talent <\/strong><\/p>\n<ul style=\"text-align: justify;\">\n<li>hlavn\u00e1 cena<\/li>\n<li>cena div\u00e1ka<\/li>\n<\/ul>\n<p style=\"text-align: justify;\">V Ni\u017enej 20. 9. 2018<\/p>\n<p style=\"text-align: justify;\">Peter Ku\u010dka<\/p>\n<p style=\"text-align: justify;\">riadite\u013e\u00a0 ZU\u0160 Vendel\u00edna Habov\u0161tiaka<\/p>\n<p style=\"text-align: justify;\">\n","protected":false},"excerpt":{"rendered":"<div class=\"mh-excerpt\"><p>N\u00e1zov \u0161koly: ZU\u0160 Vendel\u00edna Habov\u0161tiaka Adresa \u0161koly: Nov\u00e1 Doba 482, 027 43 Ni\u017en\u00e1 Telef\u00f3nne \u010d\u00edslo:\u00a0 043\/5381 264 , 0911276075 Internetov\u00e1 adresa: www.zusnizna.sk Elektronick\u00e1 adresa: \u00a0zus@zusnizna.sk <a class=\"mh-excerpt-more\" href=\"https:\/\/www.zusnizna.sk\/?p=3542\" title=\"Spr\u00e1va o v\u00fdchovno-vzdel\u00e1vacej \u010dinnosti Z\u00e1kladnej umeleckej \u0161koly Vendel\u00edna Habov\u0161tiaka za \u0161kolsk\u00fd rok 2017\/2018\">[&#8230;]<\/a><\/p>\n<\/div>","protected":false},"author":3,"featured_media":3202,"comment_status":"closed","ping_status":"open","sticky":false,"template":"","format":"standard","meta":[],"categories":[2,3,14],"tags":[],"_links":{"self":[{"href":"https:\/\/www.zusnizna.sk\/index.php?rest_route=\/wp\/v2\/posts\/3542"}],"collection":[{"href":"https:\/\/www.zusnizna.sk\/index.php?rest_route=\/wp\/v2\/posts"}],"about":[{"href":"https:\/\/www.zusnizna.sk\/index.php?rest_route=\/wp\/v2\/types\/post"}],"author":[{"embeddable":true,"href":"https:\/\/www.zusnizna.sk\/index.php?rest_route=\/wp\/v2\/users\/3"}],"replies":[{"embeddable":true,"href":"https:\/\/www.zusnizna.sk\/index.php?rest_route=%2Fwp%2Fv2%2Fcomments&post=3542"}],"version-history":[{"count":11,"href":"https:\/\/www.zusnizna.sk\/index.php?rest_route=\/wp\/v2\/posts\/3542\/revisions"}],"predecessor-version":[{"id":3715,"href":"https:\/\/www.zusnizna.sk\/index.php?rest_route=\/wp\/v2\/posts\/3542\/revisions\/3715"}],"wp:featuredmedia":[{"embeddable":true,"href":"https:\/\/www.zusnizna.sk\/index.php?rest_route=\/wp\/v2\/media\/3202"}],"wp:attachment":[{"href":"https:\/\/www.zusnizna.sk\/index.php?rest_route=%2Fwp%2Fv2%2Fmedia&parent=3542"}],"wp:term":[{"taxonomy":"category","embeddable":true,"href":"https:\/\/www.zusnizna.sk\/index.php?rest_route=%2Fwp%2Fv2%2Fcategories&post=3542"},{"taxonomy":"post_tag","embeddable":true,"href":"https:\/\/www.zusnizna.sk\/index.php?rest_route=%2Fwp%2Fv2%2Ftags&post=3542"}],"curies":[{"name":"wp","href":"https:\/\/api.w.org\/{rel}","templated":true}]}}