{"id":3210,"date":"2017-10-13T00:07:43","date_gmt":"2017-10-12T22:07:43","guid":{"rendered":"http:\/\/www.zusnizna.sk\/?p=3210"},"modified":"2017-10-13T09:51:20","modified_gmt":"2017-10-13T07:51:20","slug":"sprava-o-vychovno-vzdelavacej-cinnosti-zakladnej-umeleckej-skoly-vendelina-habovstiaka-za-skolsky-rok-20162017","status":"publish","type":"post","link":"https:\/\/www.zusnizna.sk\/?p=3210","title":{"rendered":"Spr\u00e1va o v\u00fdchovno-vzdel\u00e1vacej \u010dinnosti Z\u00e1kladnej umeleckej \u0161koly Vendel\u00edna Habov\u0161tiaka za \u0161kolsk\u00fd rok 2016\/2017"},"content":{"rendered":"<p>N\u00e1zov \u0161koly: <strong>Z\u00e1kladn\u00e1 umeleck\u00e1 \u0161kola Vendel\u00edna Habov\u0161tiaka<\/strong><\/p>\n<p>Adresa \u0161koly: <strong>Nov\u00e1 Doba 482, 027 43 Ni\u017en\u00e1<\/strong><\/p>\n<p>Telef\u00f3nne \u010d\u00edslo:<strong>\u00a0 043\/5381 264 , 0911276075<\/strong><\/p>\n<p>Internetov\u00e1 adresa: <strong>www.zusnizna.sk<\/strong><\/p>\n<p>Elektronick\u00e1 adresa: \u00a0<strong>zus@zusnizna.sk<\/strong><\/p>\n<p>Zria\u010fovate\u013e \u0161koly: <strong>Obec\u00a0 Ni\u017en\u00e1<\/strong><\/p>\n<p>&nbsp;<\/p>\n<h3>Ved\u00faci zamestnanci:<strong>\u00a0\u00a0\u00a0\u00a0\u00a0\u00a0\u00a0\u00a0\u00a0\u00a0\u00a0 <\/strong><\/h3>\n<p><strong>Peter Ku\u010dka<\/strong> \u2013 riadite\u013e \u0161koly<\/p>\n<p><strong>Alena Hlavajov\u00e1<\/strong> \u2013 z\u00e1stupky\u0148a riadite\u013ea \u0161koly<\/p>\n<p>&nbsp;<\/p>\n<h3>Rada \u0161koly:<\/h3>\n<p>Predseda:<strong> Mgr. Bohuslav Kortman<\/strong><\/p>\n<p>&nbsp;<\/p>\n<p>\u010clenovia:<\/p>\n<ul>\n<li>Mgr. Anna Holub\u010d\u00edkov\u00e1<\/li>\n<li>Ing. Jana Tuh\u00e1<\/li>\n<li>Andrea Slim\u00e1kov\u00e1<\/li>\n<li>Margar\u00e9ta Ko\u0161tialov\u00e1<\/li>\n<li>Rastislav \u0160tec<\/li>\n<li>Rastislav Malatinka<\/li>\n<li>Jozef Virostko<\/li>\n<li>Ing. Miroslav Slosiar<\/li>\n<li>Mgr. Barbora Teke\u013eov\u00e1<\/li>\n<li>Darina Zajacov\u00e1<\/li>\n<\/ul>\n<p>&nbsp;<\/p>\n<h3>Umeleck\u00e1 rada \u0161koly:<\/h3>\n<p>Predseda: <strong>Peter\u00a0 Ku\u010dka<\/strong><\/p>\n<p>\u010clenovia:<\/p>\n<ul>\n<li>Katar\u00edna Ba\u010dov\u00e1<\/li>\n<li>Alena Hlavajov\u00e1<\/li>\n<li>Mgr. Bohuslav Kortman<\/li>\n<li>Mgr. Miroslava Malatinkov\u00e1<\/li>\n<li>Magdal\u00e9na Mat\u00fa\u0161ov\u00e1<\/li>\n<\/ul>\n<p>&nbsp;<\/p>\n<h3>Predmetov\u00e9 komisie:<\/h3>\n<p>Predmetov\u00e1 komisia oddelenia kl\u00e1vesov\u00fdch n\u00e1strojov<\/p>\n<ul>\n<li>hra na klav\u00edri<\/li>\n<li>hra na akorde\u00f3ne<\/li>\n<\/ul>\n<p>&nbsp;<\/p>\n<p>Ved\u00faca PK:\u00a0 <strong>Mgr. Eva \u0160imi\u010d\u00e1kov\u00e1<\/strong><\/p>\n<p>\u010clenovia:<\/p>\n<ul>\n<li>Alena Hlavajov\u00e1<\/li>\n<li>Zuzana \u017duffov\u00e1<\/li>\n<li>Tom\u00e1\u0161 Buc<\/li>\n<li>Elena Ballekov\u00e1<\/li>\n<li>Mgr. Katar\u00edna Zubersk\u00e1<\/li>\n<li>Mgr. M\u00e1ria Bist\u00e1rov\u00e1<\/li>\n<li>Juraj Tomadl\u00edk<\/li>\n<\/ul>\n<p>&nbsp;<\/p>\n<p>Predmetov\u00e1 komisia oddelenia dychov\u00fdch n\u00e1strojov<\/p>\n<ul>\n<li>hra na zobcovej flaute<\/li>\n<li>hra na prie\u010dnej flaute<\/li>\n<li>spev s\u00f3lov\u00fd a\u00a0skupinov\u00fd<\/li>\n<\/ul>\n<p>&nbsp;<\/p>\n<p>Ved\u00faca PK: <strong>Katar\u00edna Ba\u010dov\u00e1<\/strong><\/p>\n<p>\u010clenovia:<\/p>\n<ul>\n<li>Henrieta Habl\u00e1kov\u00e1 Dis.art. od 1.2.2017 Lubom\u00edra Kr\u00fapov\u00e1 Dis.art.<\/li>\n<li>Zuzana Such\u00e1nkov\u00e1<\/li>\n<li>Mgr.Art. Pavol Ba\u017e\u00edk<\/li>\n<li>Mgr. Zdeno Reguly<\/li>\n<\/ul>\n<p>&nbsp;<\/p>\n<p>Predmetov\u00e1 komisia strunov\u00fdch n\u00e1strojov<\/p>\n<ul>\n<li>hra na husliach<\/li>\n<li>hra na gitare<\/li>\n<\/ul>\n<p>&nbsp;<\/p>\n<p>Ved\u00faca\u00a0 PK: <strong>Magdal\u00e9na Mat\u00fa\u0161ov\u00e1<\/strong><\/p>\n<p>\u010clenovia :<\/p>\n<ul>\n<li>M\u00e1rio Kubas Dis.art.<\/li>\n<li>Mgr. Bohuslav Kortman<\/li>\n<li>Peter Ku\u010dka<\/li>\n<li>Miroslav \u0160tefan<\/li>\n<li>Mgr. Zdeno Reguly<\/li>\n<li>D\u00e1vid \u0160\u00e1ndor Dis.art.<\/li>\n<\/ul>\n<p>&nbsp;<\/p>\n<p>Predmetov\u00e1 komisia\u00a0 oddelenia kolekt\u00edvnych predmetov<\/p>\n<ul>\n<li>pr\u00edpravn\u00e1 hudobn\u00e1 v\u00fdchova<\/li>\n<li>hudobn\u00e1 n\u00e1uka<\/li>\n<\/ul>\n<p>&nbsp;<\/p>\n<p>Ved\u00faci PK: <strong>Mgr. Bohuslav Kortman<\/strong><\/p>\n<p>\u010clenovia:<\/p>\n<ul>\n<li>Katar\u00edna Ba\u010dov\u00e1<\/li>\n<li>Mgr. Eva \u0160imi\u010d\u00e1kov\u00e1<\/li>\n<li>Mgr. Zdeno Reguly<\/li>\n<li>Zuzana \u017duffov\u00e1<\/li>\n<\/ul>\n<p>&nbsp;<\/p>\n<p>Predmetov\u00e1 komisia tane\u010dn\u00e9ho, v\u00fdtvarn\u00e9ho a\u00a0liter\u00e1rno-dramatick\u00e9ho odboru<\/p>\n<p>Ved\u00faca PK:\u00a0 <strong>Mgr. Miroslava Malatinkov\u00e1<\/strong><\/p>\n<p>\u010clenovia:<\/p>\n<ul>\n<li>Mgr. Jaroslav Broz<\/li>\n<li>Mgr. Zdena Brozov\u00e1<\/li>\n<li>\u013dubom\u00edr Jarol\u00edn<\/li>\n<li>Bc. Nat\u00e1lia Stasov\u00e1<\/li>\n<li>Mgr. Barbora Pav\u010dov\u00e1<\/li>\n<\/ul>\n<p>&nbsp;<\/p>\n<h3>\u00a0\u00dadaje o po\u010dte \u017eiakov:<\/h3>\n<p><strong>\u00a0<\/strong><\/p>\n<p>\u0160kolu nav\u0161tevovalo v\u00a0\u0161k. roku 2016\/2017 spolu <strong>454<\/strong> \u017eiakov.<\/p>\n<p>&nbsp;<\/p>\n<p>Z\u00a0toho:<\/p>\n<p>&nbsp;<\/p>\n<table>\n<tbody>\n<tr>\n<td width=\"72\">\n<p style=\"text-align: center;\"><strong>Odbor<\/strong><\/p>\n<\/td>\n<td style=\"text-align: center;\" width=\"168\"><strong>Ro\u010dn\u00edkov\u00ed \u017eiaci<\/strong><\/td>\n<td style=\"text-align: center;\" width=\"169\"><strong>Pr\u00edpravn\u00e9 \u0161t\u00fadium<\/strong><\/td>\n<td style=\"text-align: center;\" width=\"199\"><strong>\u0160t\u00fadium pre dospel\u00fdch<\/strong><\/td>\n<\/tr>\n<tr>\n<td width=\"72\">\n<p style=\"text-align: center;\"><strong>HO<\/strong><\/p>\n<\/td>\n<td width=\"168\">\n<p style=\"text-align: center;\">207<\/p>\n<\/td>\n<td width=\"169\">\n<p style=\"text-align: center;\">20<\/p>\n<\/td>\n<td width=\"199\">\n<p style=\"text-align: center;\">&#8211;<\/p>\n<\/td>\n<\/tr>\n<tr>\n<td width=\"72\">\n<p style=\"text-align: center;\"><strong>VO<\/strong><\/p>\n<\/td>\n<td width=\"168\">\n<p style=\"text-align: center;\">78<\/p>\n<\/td>\n<td width=\"169\">\n<p style=\"text-align: center;\">9<\/p>\n<\/td>\n<td width=\"199\">\n<p style=\"text-align: center;\">&#8211;<\/p>\n<\/td>\n<\/tr>\n<tr>\n<td width=\"72\">\n<p style=\"text-align: center;\"><strong>TO<\/strong><\/p>\n<\/td>\n<td width=\"168\">\n<p style=\"text-align: center;\">65<\/p>\n<\/td>\n<td width=\"169\">\n<p style=\"text-align: center;\">50<\/p>\n<\/td>\n<td width=\"199\">\n<p style=\"text-align: center;\">&#8211;<\/p>\n<\/td>\n<\/tr>\n<tr>\n<td style=\"text-align: center;\" width=\"72\"><strong>LDO<\/strong><\/td>\n<td style=\"text-align: center;\" width=\"168\">20<\/td>\n<td style=\"text-align: center;\" width=\"169\">&#8211;<\/td>\n<td width=\"199\">\n<p style=\"text-align: center;\">5<\/p>\n<\/td>\n<\/tr>\n<\/tbody>\n<\/table>\n<p>&nbsp;<\/p>\n<h3>\u00dadaje o\u00a0klasifik\u00e1cii \u017eiakov:<\/h3>\n<p>Z\u00a0po\u010dtu \u017eiakov 454 prospelo s vyznamenan\u00edm\u00a0 332 \u017eiakov, prospelo 43 a\u00a0neprospelo 0 \u017eiakov.79 \u017eiakov nav\u0161tevovalo P\u0160.<\/p>\n<h3>U\u010debn\u00e9 pl\u00e1ny<\/h3>\n<p>Vyu\u010dovanie na \u0161kole je realizovan\u00e9 pod\u013ea U\u010debn\u00fdch pl\u00e1nov schv\u00e1len\u00fdch M\u0160 SR pre ZU\u0160 z roku 2009 pod \u010d\u00edslom CD 2009-27474\/21375 a \u0160kolsk\u00e9ho vzdel\u00e1vacieho programu pre prv\u00fa a druh\u00fa \u010das\u0165 prv\u00e9ho stup\u0148a.<\/p>\n<p>&nbsp;<\/p>\n<h3>\u00dadaje o po\u010dte zamestnancov<\/h3>\n<ul>\n<li>25 pedagogick\u00fdch zamestnancov<\/li>\n<li>6 prev\u00e1dzkov\u00ed zamestnanci<\/li>\n<\/ul>\n<p>&nbsp;<\/p>\n<h3>\u00a0\u00a0 Plnenie kvalifika\u010dn\u00fdch predpokladov<\/h3>\n<p>Pedagogick\u00fd zbor tvor\u00ed 24 kvalifikovan\u00fdch a 1\u00a0 nekvalifikovan\u00fd pedagogick\u00fd zamestnanec.<\/p>\n<p>&nbsp;<\/p>\n<h3>\u010eal\u0161ie vzdel\u00e1vanie pedagogick\u00fdch zamestnancov<\/h3>\n<p>Jeden pedag\u00f3g \u0161tuduje 4. ro\u010dn\u00edk na konzervat\u00f3riu vo Zvolene hru na klav\u00edri.Ostatn\u00ed pedag\u00f3govia si dop\u013a\u0148aj\u00fa odbornos\u0165 na \u0161pecializovan\u00fdch semin\u00e1roch, tvoriv\u00fdch diel\u0148ach a majstrovsk\u00fdch kurzoch usporiadan\u00fdch pri celoslovensk\u00fdch a medzin\u00e1rodn\u00fdch umeleck\u00fdch festivaloch a\u00a0s\u00fa\u0165a\u017eiach.<\/p>\n<p><strong>\u00a0<\/strong><\/p>\n<h3>Aktivity a prezent\u00e1cie \u0161koly<\/h3>\n<p>Hlavn\u00fdm cie\u013eom pre tento \u0161kolsk\u00fd rok sa stali oslavy 40. v\u00fdro\u010dia zalo\u017eenia ZU\u0160 v\u00a0Ni\u017enej. Koncert z\u00a0pr\u00edle\u017eitosti osl\u00e1v 40. v\u00fdro\u010dia ZU\u0160 Vendel\u00edna Habov\u0161tiaka sa uskuto\u010dnil 16.11.2017 v\u00a0DK Ni\u017en\u00e1. Predstavili sa s\u00fa\u010dasn\u00ed \u017eiaci ,ale aj b\u00fdval\u00ed absolventi ZU\u0160, toho \u010dasu profesion\u00e1lni umelci a\u00a0pedag\u00f3govia . Na z\u00e1ver boli ocenen\u00ed pedag\u00f3govia \u0161koly ,ktor\u00ed sa so svojimi \u017eiakmi najviac zasl\u00fa\u017eili o\u00a0dobr\u00e9 meno \u0161koly. Cel\u00fd koncert bol pren\u00e1\u0161an\u00fd na\u017eivo prostredn\u00edctvom internetu. T\u00ed, ktor\u00ed ho nevideli, maj\u00fa mo\u017enos\u0165 si ho pozrie\u0165 na str\u00e1nke ZU\u0160 aj na Yotube. K\u00a040 \u2013 temu v\u00fdro\u010diu sme pripravili v spolupr\u00e1ci s\u00a0kolegom M\u00e1riom Kubasom \u00a0aj CD nahr\u00e1vku tak ako pri 30-tom v\u00fdro\u010d\u00ed.Na pr\u00edprave a\u00a0realiz\u00e1ci\u00ed tvorby bulet\u00ednu \u00a0sa podielali \u00a0Mgr. Barbora Tekelov\u00e1 a\u00a0jej sestra Al\u017ebeta Pav\u010dov\u00e1 .<\/p>\n<p>Nosn\u00fdm projektom \u0161koly je n\u00e1rodn\u00e1 s\u00fa\u0165a\u017e \u017eiakov z\u00e1kladn\u00fdch umeleck\u00fdch \u0161k\u00f4l v hre na\u00a0 zobcovej\u00a0\u00a0 flaute\u00a0 a dreven\u00fdch\u00a0 dychov\u00fdch\u00a0 n\u00e1strojoch\u00a0 <strong>\u201e<\/strong>\u010carovn\u00e1\u00a0 flauta\u201c\u00a0 &#8211; \u010dlen\u00a0 EMCY Slovakia, ktorej 15. ro\u010dn\u00edk sa uskuto\u010dnil v d\u0148och 23-25. novembra 2016.<\/p>\n<p>\u010eal\u0161\u00edmi\u00a0 podujatiami, ktor\u00e9 \u0161kola ka\u017edoro\u010dne organizuje s\u00fa Mikul\u00e1\u0161sky koncert, Viano\u010dn\u00fd\u00a0 koncert v\u00a0Ni\u017enej aj v\u00a0Habovke,\u00a0 \u00a0koncert\u00a0 venovan\u00fd ku \u00a0D\u0148u \u00facty k\u00a0star\u0161\u00edm, okresn\u00e9 stretnutie d\u00f4chodcov, De\u0148 matiek, v\u00fdchovn\u00e9 koncerty v\u00a0Chlebniciach, v Ni\u017enej a\u00a0Habovke.<\/p>\n<p>V tomto \u0161kolskom roku sa podarilo zorganizova\u0165 9. ro\u010dn\u00edk prehliadky mlad\u00fdch spev\u00e1kov \u013eudov\u00fdch piesn\u00ed Ni\u017enianske \u00a0minisynkopy, ktor\u00e1 sa uskuto\u010dnila 8.m\u00e1ja 2017. Za sprievodu \u013dH pedag\u00f3gov ZU\u0160 Ni\u017en\u00e1 sa predstavilo 11 spev\u00e1kov z Chlebn\u00edc, Zuberca, Podbiela , Ni\u017enej , Z\u00e1biedova a M\u00fatneho. Hos\u0165ami podujatia boli \u013dH Ostrvka, \u013dH Diev\u010dat\u00e1 spod Bu\u010dn\u00edka a\u00a0TO ZU\u0160.<\/p>\n<p>\u017diaci <strong><em>tane\u010dn\u00e9ho odboru<\/em><\/strong> sa z\u00fa\u010dastnili mno\u017estva vyst\u00fapen\u00ed\u00a0ako na D\u0148och mesta Kisa\u010d v\u00a0Srbsku, Turzove sl\u00e1vnosti na Oravskom hrade, V\u00edtanie jari, Minisynkopy, Ni\u017eniansky kotl\u00edk, pre jubilantov v\u00a0Ni\u017enej. \u00a0\u010eal\u0161ie vyst\u00fapenia mali na Podroh\u00e1\u010dskych folkl\u00f3rnych sl\u00e1vnostiach, v\u00fdchovn\u00fdch koncertoch v\u00a0Ni\u017enej, Habovke, plesoch v\u00a0Ni\u017enej, Krivej, Tvrdo\u0161\u00edne a\u00a0Trstenej, \u00fa\u010dinkovali aj pri stavan\u00ed m\u00e1ja, v s\u00fa\u0165a\u017ei Tvrdo\u0161\u00edn m\u00e1 talent\u00a0 \u00a0a\u00a0\u010fal\u0161\u00edch.<\/p>\n<p>\u017diaci\u00a0 <strong><em>liter\u00e1rno-dramatick\u00e9ho odboru<\/em><\/strong>, pod veden\u00edm pani u\u010d. Mgr. Zdeny Brozovej a Mgr. Jaroslava Broza, pripravili scen\u00e1re pre detsk\u00fd divadeln\u00fd s\u00fabor Dobrozv\u00ed\u0165az\u00ed Zelen\u00e9 jelene pod\u013ea rozpr\u00e1vky \u013d. Feldeka a\u00a0pre dospel\u00e1cky divadeln\u00fd s\u00fabor pod\u013ea CH. Bukovsk\u00e9ho :Pulp .<\/p>\n<p>V marci z\u00edskali na okresnom kole HK \u00a01. miesta Ema \u00a0Dobrovolsk\u00e1 ,Ag\u00e1tka Brozov\u00e1, Bianka Kr\u00ed\u017eikov\u00e1, Adam Drnd\u00e1\u0161, Martin L\u00f3rinc, Timka Hu\u010dalov\u00e1, Monika Ha\u017elinsk\u00e1. 2.miesto Evka Dobrovolsk\u00e1 .<\/p>\n<p>V apr\u00edli sa predstavili na krajskom kole HK v\u00a0Martine, kde\u00a0 bol Martin Lorinc prv\u00fd, Ag\u00e1tka Brozov\u00e1 a\u00a0Monika Ha\u017elinsk\u00e1 z\u00edskali 2.miesta a\u00a0Adam Drnd\u00e1\u0161 bol\u00a0 tret\u00ed. Detsk\u00fd divadeln\u00fd s\u00fabor Dobrozv\u00ed\u0165az\u00ed sa z\u00a0v\u00fdrazn\u00fdm \u00faspechom predstavil na festivale divadiel v\u00a0cudz\u00edch jazykoch v\u00a0Nitre, odkia\u013e si odniesol hne\u010f dve ocenenia za inscen\u00e1ciu The dog days. Mlad\u00ed divadeln\u00edci sa predstavili s\u00a0anglickou verziou inscen\u00e1cie Psina, s\u00a0ktorou v\u00a0minulej sez\u00f3ne \u00faspe\u0161ne reprezentovali na celoslovenskej prehliadke detskej dramatickej tvorivosti Zlatej priadke v\u00a0\u0160ali.<\/p>\n<p>V j\u00fani sa v Trstenej konala celoslovensk\u00e1 recita\u010dn\u00e1 s\u00fa\u0165a\u017e Dilongova Trsten\u00e1. 2.miesto z\u00edskala Emka Dobrovolsk\u00e1 a\u00a03.miesto z\u00edskala Bianka Kr\u00ed\u017eikov\u00e1. Ag\u00e1tka Brozov\u00e1 z\u00edskala ocenenie za autorsk\u00fd pr\u00ednos, ke\u010f\u017ee recitovala svoju vlastn\u00fa poviedku.<\/p>\n<p>9.6. z\u00edskala Ag\u00e1ta Brozov\u00e1 1. miesto v pr\u00f3ze\u00a0 medzi 640 s\u00fa\u0165a\u017eiacimi na Celoslovenskej liter\u00e1rnej s\u00fa\u0165a\u017ei Liter\u00e1rny Ke\u017emarok. 20.6. sa z\u00fa\u010dastnil Martin Lorinc na celoslovenskom nes\u00fa\u0165a\u017enom Hviezdoslavovom Kub\u00edne a\u00a0cel\u00e9 podujatie HK moderovala Ag\u00e1tka Brozov\u00e1.<\/p>\n<p>\u017diaci <strong><em>v\u00fdtvarn\u00e9ho odboru<\/em><\/strong> ZU\u0160 Ni\u017en\u00e1 reprezentovali svojimi v\u00fdtvarn\u00fdmi pr\u00e1cami na celoslovensk\u00fdch s\u00fa\u0165a\u017eiach ako \u00a0XXIII. ro\u010dn\u00edk Bien\u00e1le fant\u00e1zie v\u00a0Martine,Ex Libris Hlohovec,\u017ditnoostrovsk\u00e9 pastelky Dunajsk\u00e1 Streda, Kr\u00eddla Fant\u00e1zie 2017 P\u00fachov, R\u00ed\u0161a Fant\u00e1zie Lu\u010denec, Grafick\u00fd n\u00e1vrh na obal \u017eiackej kni\u017eky\u00a0 , \u00a0\u00a0\u201eViano\u010dn\u00e1 poh\u013eadnica\u201c a in\u00e9. Okrem s\u00fa\u0165a\u017e\u00ed pripravil VO v\u00fdstavy pr\u00e1c \u017eiakov na viano\u010dn\u00fdch koncertoch v\u00a0Ni\u017enej a\u00a0Habovke.Pri pr\u00edle\u017eitosti celosl. su\u0165a\u017ee \u010carovn\u00e1 flauta, absolventsk\u00e9 pr\u00e1ce \u017eiakov VO, k\u00a040. v\u00fdro\u010dia ZU\u0160 Vendel\u00edna Habov\u0161tiaka\u00a0 a\u00a0celoro\u010dn\u00e9 v\u00fdstavy \u017eiakov v\u00a0priestoroch ZU\u0160.<\/p>\n<p>V <strong><em>hudobnom odbore <\/em><\/strong>sa na\u0161i \u017eiaci z\u00fa\u010dastnili nasledovn\u00fdch s\u00fa\u0165a\u017e\u00ed: celoslovensk\u00e1 s\u00fa\u0165a\u017e \u010carovn\u00e1 flauta, \u00a0\u00a0Schneiderova Trnava,,Orsz\u00e1gova Kremnica, Star\u00e1 Lubov\u0148a \u2013 saxof\u00f3n, region\u00e1lna s\u00fa\u0165a\u017e Biela Orava a\u00a0in\u00e9. V\u00fdznamnou mierou prispeli svojou \u00fa\u010das\u0165ou na kult\u00farno &#8211; spolo\u010denskej akcii Dni \u00a0Kisa\u010da v\u00a0Srbsku.<\/p>\n<p>\u013dH Ostrvka pod veden\u00edm Miroslava \u0160tefana sa okrem mno\u017estva vyst\u00fapen\u00ed ako Mesiac \u00facty k\u00a0star\u0161\u00edm,\u00a0\u00a0\u00a0 s\u00fa\u0165a\u017e\u00a0 Ni\u017enianske minisynkopy \u00a0,Kub\u00ednske krp\u010deky, PFS v\u00a0Zuberci, \u00a0.<\/p>\n<p><strong>\u00a0<\/strong><\/p>\n<p>Okrem uveden\u00fdch podujat\u00ed organizuje \u0161kola raz do mesiaca verejn\u00e9 \u017eiacke koncerty a pozornos\u0165 si zasl\u00fa\u017eia aj verejn\u00fd absolventsk\u00fd koncert, ktor\u00fd sprev\u00e1dzala v\u00fdstava pr\u00e1c absolventov v\u00fdtvarn\u00e9ho odboru. Medzi pr\u00edle\u017eitostn\u00e9 vyst\u00fapenia na\u0161ich \u017eiakov patria koncerty pre d\u00f4chodcov, Matersk\u00fa a Z\u00e1kladn\u00fa \u0161kolu v Ni\u017enej a v Habovke.<\/p>\n<p>&nbsp;<\/p>\n<h3>Materi\u00e1lno-technick\u00e9 podmienky \u0161koly:<\/h3>\n<p>Riadite\u013estvo \u0161koly sa nach\u00e1dza v priestoroch pr\u00edstavby Z\u00e1kladnej \u0161koly s M\u0160 v Ni\u017enej. Priestory pre\u00a0 v\u00fdu\u010dbu hudobn\u00e9ho a tane\u010dn\u00e9ho odboru s\u00fa vyhovuj\u00face, av\u0161ak v\u00fdtvarn\u00fd odbor nem\u00e1 svoje vlastn\u00e9 priestory zodpovedaj\u00face v\u00fdu\u010dbe. Vyu\u010duje sa v priestoroch suter\u00e9nu Z\u0160, \u00a0a na po\u010det \u017eiakov je u\u010deb\u0148a mal\u00e1. Takisto by bolo dobr\u00e9 vybudova\u0165 u\u010deb\u0148u pre LDO.<\/p>\n<p>Do bud\u00facnosti by sn\u00e1\u010f bolo mo\u017en\u00e9 rozm\u00fd\u0161\u013ea\u0165 o dobudovan\u00ed podkrovia, ktor\u00e9 by bolo vhodn\u00e9 pr\u00e1ve pre spom\u00ednan\u00e9 \u010dinnosti.<\/p>\n<p>Okrem \u0161koly v\u00a0Ni\u017enej ,kde je 121 \u017eiakov v\u00a0HO a\u00a0174 \u017eiakov v\u00a0TO,VO a\u00a0LDO, m\u00e1me elokovan\u00e9 pracovisk\u00e1\u00a0 v\u00a0Habovke kde je 41 \u017eiakov v HO a 55 v TO a VO.V\u00a0Chlebniciach je 43 v HO\u00a0 a Liesku je 7 \u017eiakov vo VO. V Habovke sa v priestoroch Z\u0160 s\u00a0M\u0160 vyu\u010duje\u00a0 hudobn\u00e1 n\u00e1uka, hra na klav\u00edri, hra na husliach, hra na gitare, spev a nemal\u00fd podiel na vyu\u010dovan\u00ed maj\u00fa aj tane\u010dn\u00fd a v\u00fdtvarn\u00fd odbor. V\u00a0Z\u0160 s M\u0160 v Chlebniciach vyu\u010dujeme\u00a0 hru na husliach, flaute, saxof\u00f3ne, akorde\u00f3ne , gitare a hudobn\u00fa n\u00e1uku . V Liesku\u00a0 sa vyu\u010duje v\u00fdtvarn\u00fd odbor.<\/p>\n<p>&nbsp;<\/p>\n<h3>Finan\u010dn\u00e9 a hmotn\u00e9 zabezpe\u010denie v\u00fdchovno-vzdel\u00e1vacej \u010dinnosti \u0161koly:<\/h3>\n<p>\u0160kola z\u00edskava finan\u010dn\u00e9 prostriedky jednak zo zdrojov pre financovanie origin\u00e1lnych kompetenci\u00ed\u00a0 a z pr\u00edspevku\u00a0 rodi\u010dov\u00a0 na\u00a0 \u00fahradu\u00a0 n\u00e1kladov\u00a0 spojen\u00fdch\u00a0 so\u00a0 \u0161t\u00fadiom\u00a0 pod\u013ea z\u00e1konn\u00fdch podmienok.<\/p>\n<p>Nako\u013eko rozpo\u010dtov\u00e1 \u010diastka neposta\u010duje ani na pokrytie potrieb miezd pre zamestnancov \u0161koly, je nutn\u00e9 ch\u00fdbaj\u00face finan\u010dn\u00e9 prostriedky dop\u013a\u0148a\u0165 zo zdrojov pr\u00edspevku rodi\u010dov, \u010do v kone\u010dnom d\u00f4sledku zni\u017euje mo\u017enos\u0165 pou\u017eitia t\u00fdchto prostriedkov na zlep\u0161enie a skvalitnenie samotn\u00e9ho v\u00fdchovno-vyu\u010dovacieho procesu.<\/p>\n<p>&nbsp;<\/p>\n<h3>Cie\u013e koncep\u010dn\u00e9ho z\u00e1meru rozvoja \u0161koly:<\/h3>\n<p>Cie\u013eom koncep\u010dn\u00e9ho z\u00e1meru rozvoja \u0161koly je dosiahnu\u0165 stabiliz\u00e1ciu celkov\u00e9ho po\u010dtu \u0161tuduj\u00facich \u017eiakov \u0161koly (pri st\u00e1le sa zni\u017euj\u00facom po\u010dte \u017eiakov v prv\u00fdch triedach Z\u0160) na minim\u00e1lne 450 \u017eiakov a optimalizova\u0165 tak aj chod \u0161koly prijat\u00edm jedn\u00e9ha a\u017e dvoch pedag\u00f3gov.<\/p>\n<p>Z\u00e1rove\u0148 chceme dosiahnu\u0165 skvalitnenie v\u00fdchovno-vzdel\u00e1vacej pr\u00e1ce u\u010dite\u013eov, vyu\u017eit\u00edm nov\u00e9ho \u0160kolsk\u00e9ho vzdel\u00e1vacieho programu, na ktorom sa akt\u00edvne podie\u013eaj\u00fa v\u0161etci vyu\u010duj\u00faci, chceme dosiahnu\u0165 skvalitnenie v\u00fdchovno- vzdel\u00e1vacej pr\u00e1ce u\u010dite\u013eov,\u010do by malo by\u0165 predov\u0161etk\u00fdm prospe\u0161n\u00e9 pre \u017eiakov ZU\u0160. Cie\u013eom je aj person\u00e1lna stabiliz\u00e1cia obsadenia \u0161koly s redukovan\u00edm u\u010dite\u013eov so skr\u00e1ten\u00fdm vyu\u010dovac\u00edm \u00fav\u00e4zkom.<\/p>\n<p>Vedenie \u0161koly sa bude sna\u017ei\u0165 udr\u017ea\u0165 z\u00e1ujem pedag\u00f3gov o \u010fal\u0161ie vzdel\u00e1vanie . Na\u0161\u00edm cie\u013eom je aj na\u010falej udr\u017ea\u0165 vysok\u00fa umeleck\u00fa i organiza\u010dn\u00fa \u00farove\u0148 hlavn\u00e9ho projektu \u0161koly\u00a0 \u2013\u00a0 N\u00e1rodnej\u00a0 s\u00fa\u0165a\u017ee\u00a0 v hre\u00a0\u00a0 na\u00a0\u00a0 zobcovej\u00a0 flaute\u00a0 a dreven\u00fdch\u00a0 dychov\u00fdch\u00a0 n\u00e1strojoch \u201e\u010carovn\u00e1 flauta\u201c.<\/p>\n<p>&nbsp;<\/p>\n<h3>Oblasti, v ktor\u00fdch dosiahla \u0161kola dobr\u00e9 v\u00fdsledky:<\/h3>\n<p><strong>\u010carovn\u00e1\u00a0 flauta\u00a0 <\/strong><\/p>\n<ul>\n<li>Barbora Cvoligov\u00e1- 2.miesto- p.u\u010d. K. Ba\u010dov\u00e1<\/li>\n<li>Janka \u0164apajnov\u00e1 &#8211; 2.miesto &#8211; saxof\u00f3n &#8211; p. u\u010d. Mgr. Z. Reguly<\/li>\n<\/ul>\n<p>&nbsp;<\/p>\n<p><strong>Schneiderova Trnava <\/strong>\u00a0cel.hus\u013e.s\u00fa\u0165a\u017e.<\/p>\n<ul>\n<li>Alexandra Murinov\u00e1 &#8211; strieborn\u00e9 p\u00e1smo\u00a0 \u2013 p. u\u010d. P. Ku\u010dka<\/li>\n<\/ul>\n<p>&nbsp;<\/p>\n<p><strong>\u00a0 Star\u00e1 Lubov\u0148a cel. saxof\u00f3nov\u00e1 s\u00fa\u0165a\u017e<\/strong>.<\/p>\n<ul>\n<li>Janka \u0164apajnov\u00e1 \u2013 strieborn\u00e9 p\u00e1smo &#8211; p. u\u010d. Mgr. Z. Reguly<\/li>\n<\/ul>\n<p>&nbsp;<\/p>\n<p><strong>\u00a0<\/strong><\/p>\n<p><strong>\u00a0 Orsz\u00e1gova Kremnica cel.hus\u013e.s\u00fa\u0165a\u017e.<\/strong><\/p>\n<ul>\n<li>Alexandra Murinov\u00e1- strieborn\u00e9 p\u00e1smo \u2013 p.u\u010d P. Ku\u010dka<\/li>\n<li>Michaela Holub\u010d\u00edkov\u00e1 &#8211; bronzov\u00e9 p\u00e1smo \u2013 p.u\u010d. M. Mat\u00fa\u0161ov\u00e1<\/li>\n<li>Bibiana Klimekov\u00e1- bronzov\u00e9 p\u00e1smo-p.u\u010d. M. \u0160tefan<\/li>\n<\/ul>\n<p>&nbsp;<\/p>\n<p><strong>Biela Orava N\u00e1mestovo \u2013 hra na husliach <\/strong><\/p>\n<ul>\n<li>Alexandra Murinov\u00e1 &#8211; 2. miesto \u2013 p. u\u010d. P. Ku\u010dka<\/li>\n<li>Michaela Holub\u010d\u00edkov\u00e1 &#8211; 1. miesto \u2013 p. u\u010d. M. Mat\u00fa\u0161ov\u00e1<\/li>\n<li>Bibiana Klimekov\u00e1 &#8211; miesto \u2013 p. u\u010d. M. \u0160tefan<\/li>\n<\/ul>\n<p><strong>Biela Orava N\u00e1mestovo \u2013 hra na klav\u00edri<\/strong><\/p>\n<ul>\n<li>Sl\u00e1vka Podbielan\u010d\u00edkov\u00e1 -3 . miesto klav\u00edr \u2013 p. u\u010d. Mgr. E. \u0160imi\u010d\u00e1kov\u00e1<\/li>\n<li>Radovan Slim\u00e1k &#8211; 3. miesto &#8211; p. u\u010d. Mgr. M. Bist\u00e1rov\u00e1<\/li>\n<\/ul>\n<p>&nbsp;<\/p>\n<p><strong>Region\u00e1lna dychov\u00e1 s\u00fa\u0165a\u017e Trstenej<\/strong><\/p>\n<ul>\n<li>Benjamin Sta\u0161 \u2013 bronzov\u00e9 p\u00e1smo &#8211; p.u\u010d. Mgr. Z. Reguly<\/li>\n<\/ul>\n<p>&nbsp;<\/p>\n<p>&nbsp;<\/p>\n<p>&nbsp;<\/p>\n<p>&nbsp;<\/p>\n<p>V Ni\u017enej 20.9.2017<\/p>\n<p>&nbsp;<\/p>\n<p>&nbsp;<\/p>\n<p>Peter Ku\u010dka<\/p>\n<p>riadite\u013e\u00a0 ZU\u0160 Vendel\u00edna Habov\u0161tiaka<\/p>\n<p>&nbsp;<\/p>\n<p>&nbsp;<\/p>\n","protected":false},"excerpt":{"rendered":"<div class=\"mh-excerpt\"><p>N\u00e1zov \u0161koly: Z\u00e1kladn\u00e1 umeleck\u00e1 \u0161kola Vendel\u00edna Habov\u0161tiaka Adresa \u0161koly: Nov\u00e1 Doba 482, 027 43 Ni\u017en\u00e1 Telef\u00f3nne \u010d\u00edslo:\u00a0 043\/5381 264 , 0911276075 Internetov\u00e1 adresa: www.zusnizna.sk Elektronick\u00e1 <a class=\"mh-excerpt-more\" href=\"https:\/\/www.zusnizna.sk\/?p=3210\" title=\"Spr\u00e1va o v\u00fdchovno-vzdel\u00e1vacej \u010dinnosti Z\u00e1kladnej umeleckej \u0161koly Vendel\u00edna Habov\u0161tiaka za \u0161kolsk\u00fd rok 2016\/2017\">[&#8230;]<\/a><\/p>\n<\/div>","protected":false},"author":3,"featured_media":0,"comment_status":"closed","ping_status":"open","sticky":false,"template":"","format":"standard","meta":[],"categories":[14],"tags":[],"_links":{"self":[{"href":"https:\/\/www.zusnizna.sk\/index.php?rest_route=\/wp\/v2\/posts\/3210"}],"collection":[{"href":"https:\/\/www.zusnizna.sk\/index.php?rest_route=\/wp\/v2\/posts"}],"about":[{"href":"https:\/\/www.zusnizna.sk\/index.php?rest_route=\/wp\/v2\/types\/post"}],"author":[{"embeddable":true,"href":"https:\/\/www.zusnizna.sk\/index.php?rest_route=\/wp\/v2\/users\/3"}],"replies":[{"embeddable":true,"href":"https:\/\/www.zusnizna.sk\/index.php?rest_route=%2Fwp%2Fv2%2Fcomments&post=3210"}],"version-history":[{"count":9,"href":"https:\/\/www.zusnizna.sk\/index.php?rest_route=\/wp\/v2\/posts\/3210\/revisions"}],"predecessor-version":[{"id":3223,"href":"https:\/\/www.zusnizna.sk\/index.php?rest_route=\/wp\/v2\/posts\/3210\/revisions\/3223"}],"wp:attachment":[{"href":"https:\/\/www.zusnizna.sk\/index.php?rest_route=%2Fwp%2Fv2%2Fmedia&parent=3210"}],"wp:term":[{"taxonomy":"category","embeddable":true,"href":"https:\/\/www.zusnizna.sk\/index.php?rest_route=%2Fwp%2Fv2%2Fcategories&post=3210"},{"taxonomy":"post_tag","embeddable":true,"href":"https:\/\/www.zusnizna.sk\/index.php?rest_route=%2Fwp%2Fv2%2Ftags&post=3210"}],"curies":[{"name":"wp","href":"https:\/\/api.w.org\/{rel}","templated":true}]}}