{"id":2874,"date":"2016-09-03T21:43:33","date_gmt":"2016-09-03T19:43:33","guid":{"rendered":"http:\/\/www.zusnizna.sk\/page\/?p=2874"},"modified":"2017-06-14T00:50:41","modified_gmt":"2017-06-13T22:50:41","slug":"niznania-pomenovali-skolu-po-vendelinovi-habovstiakovi","status":"publish","type":"post","link":"https:\/\/www.zusnizna.sk\/?p=2874","title":{"rendered":"Ni\u017e\u0148ania pomenovali \u0161kolu po Vendel\u00ednovi Habov\u0161tiakovi"},"content":{"rendered":"<p><a class=\"article-published-author\" href=\"http:\/\/nasaorava.sme.sk\/aut\/728\/luciasmigovska\">LUCIA \u0160MIGOVSK\u00c1<\/a><\/p>\n<p><a href=\"http:\/\/nasaorava.sme.sk\" target=\"_blank\" rel=\"noopener noreferrer\">nasaorava.sme.sk<\/a><\/p>\n<p>Z\u00e1kladn\u00e1 umeleck\u00e1 \u0161kola (ZU\u0160), ktor\u00fa nav\u0161tevuje \u00a0460 \u017eiakov v \u0161tyroch odboroch, bude od nov\u00e9ho \u0161kolsk\u00e9ho roka nies\u0165 meno spoluzakladate\u013ea Vendel\u00edna Habov\u0161tiaka. \u010cestn\u00fd n\u00e1zov jej zapo\u017ei\u010dalo ministerstvo \u0161kolstva minul\u00fd \u0161tvrtok.<\/p>\n<h3>Vzor pre kolegov<\/h3>\n<p>\u201eHoci n\u00e1s delilo nieko\u013eko desa\u0165ro\u010d\u00ed, Vendo mi bol vzorom v tom, ako pracova\u0165 s de\u0165mi, ako ich nau\u010di\u0165 milova\u0165 hudbu a by\u0165 muzikantom,\u201c povedal riadite\u013e zu\u0161ky Peter Ku\u010dka.<br \/>\nNa kolegu v dobrom spom\u00edna aj b\u00fdval\u00e1 riadite\u013eka Anna Psotov\u00e1. \u201eV roku 1973 sme v Ni\u017enej za\u010d\u00ednali traja, ja, Vendo Habov\u0161tiak a Du\u0161an Franek. Vendo bol dobr\u00fdm a v\u00fdnimo\u010dn\u00fdm \u010dlovekom. Priate\u013eom, ktor\u00fd vedel poradi\u0165 a postavi\u0165 sa za kohoko\u013evek. Som preto ve\u013emi py\u0161n\u00e1, \u017ee bol pr\u00e1ve tak\u00fdmto sp\u00f4sobom pocten\u00fd.\u201c<\/p>\n<h3>Skromn\u00fd, ale \u010dinorod\u00fd<\/h3>\n<p>Vendel\u00edn Habov\u0161tiak (1934 \u2013 2014) sa narodil v Krivej. Po maturite na gymn\u00e1ziu v Trstenej odi\u0161iel do Bratislavy, kde \u0161tudoval na Vy\u0161\u0161ej pedagogickej \u0161kole hudobn\u00fa v\u00fdchovu a sloven\u010dinu. \u201eSkvel\u00e9 hudobn\u00e9 z\u00e1klady mu dal aj velik\u00e1n Eugen Sucho\u0148,\u201c hovor\u00ed Peter Ku\u010dka. Do z\u00e1kladnej \u0161koly v Ni\u017enej pri\u0161iel v roku 1959. Ke\u010f sa v roku 1976 podarilo zalo\u017ei\u0165 v obci samostatn\u00fa \u013eudov\u00fa \u0161kolu umenia, na \u010dom mal ve\u013ek\u00fa z\u00e1sluhu, stal jej prv\u00fdm riadite\u013eom a p\u00f4sobil v nej takmer do d\u00f4chodku. Okrem toho viedol spev\u00e1cku zlo\u017eku v s\u00fabore Oravan a detsk\u00fd spev\u00e1cky zbor. \u201eVendo l\u00e1sku k hudbe rozd\u00e1val pln\u00fdmi priehr\u0161tiami. Bol to \u010dlovek skromn\u00fd, ale \u010dinorod\u00fd, ve\u010f a\u017e do posledn\u00e9ho v\u00fddychu hral na organe v rodnej Krivej. V\u017edy vedel, \u017ee zalo\u017ei\u0165 v Ni\u017enej umeleck\u00fa \u0161kolu je spr\u00e1vne rozhodnutie.\u201c<\/p>\n<h3>Bola to dlh\u00e1 cesta<\/h3>\n<p>Pomenova\u0165 \u0161kolu po b\u00fdvalom riadite\u013eovi a u\u010dite\u013eovi hudby nebolo jednoduch\u00e9. \u201eMysleli sme si, \u017ee bude sta\u010di\u0165, ak o tom rozhodne obec ako zria\u010fovate\u013e,\u201c povedal starosta Jaroslav Rosina. \u201eRiadite\u013ea \u010dakala dlh\u00e1 cesta, ale som r\u00e1d, \u017ee sa na \u0148u dal. Vendo a jeho dielo si poctu zasl\u00fa\u017eia.\u201c<\/p>\n<p>Dekr\u00e9t o zapo\u017ei\u010dan\u00ed \u010destn\u00e9ho n\u00e1zvu odovzdala riadite\u013eovi Dana \u010cul\u00e1kov\u00e1 z odboru \u0161kolstva Okresn\u00e9ho \u00faradu v \u017diline. \u201eZ\u00e1ujem zo strany \u0161k\u00f4l o \u010destn\u00fd n\u00e1zov je ve\u013ek\u00fd, no nie ka\u017ed\u00e1 ho m\u00f4\u017ee dosta\u0165. \u0160kola mus\u00ed existova\u0165 dlh\u0161ie obdobie, dosahova\u0165 v\u00fdsledky vr\u00e1tane organiz\u00e1cie celoslovenskej s\u00fa\u0165a\u017ee a osobnos\u0165, ktorej meno chce nies\u0165, by mala by\u0165 sp\u00e4t\u00e1 so \u0161kolou. A\u017e potom z\u00edska s\u00fahlas od ministerstva.\u201c<\/p>\n<p>Rodina, ktorej s\u00fahlas bol podmienkou, spo\u010diatku v\u00e1hala. \u201eKe\u010f sa to spom\u00ednalo e\u0161te za mu\u017eovho \u017eivota, hovoril nie, preto\u017ee bol ve\u013emi skromn\u00fd,\u201c povedala vdova Viera Habov\u0161tiakov\u00e1. Nakoniec sa nechala presved\u010di\u0165. \u201eMysl\u00edm si, \u017ee ocko si to zasl\u00fa\u017ei, preto\u017ee urobil ve\u013ea pre Ni\u017en\u00fa aj pre \u017eiakov,\u201c povedala najmlad\u0161ia dc\u00e9ra Janka. \u201eA aj takto bude st\u00e1le s nami.\u201c<\/p>\n<p>\u010c\u00edtajte viac: <a href=\"http:\/\/nasaorava.sme.sk\/c\/20212172\/niznania-pomenovali-skolu-po-vendelinovi-habovstiakovi.html#ixzz4JDsWnZNV\">http:\/\/nasaorava.sme.sk\/c\/20212172\/niznania-pomenovali-skolu-po-vendelinovi-habovstiakovi.html#ixzz4JDsWnZNV<\/a><\/p>\n","protected":false},"excerpt":{"rendered":"<div class=\"mh-excerpt\"><p>LUCIA \u0160MIGOVSK\u00c1 nasaorava.sme.sk Z\u00e1kladn\u00e1 umeleck\u00e1 \u0161kola (ZU\u0160), ktor\u00fa nav\u0161tevuje \u00a0460 \u017eiakov v \u0161tyroch odboroch, bude od nov\u00e9ho \u0161kolsk\u00e9ho roka nies\u0165 meno spoluzakladate\u013ea Vendel\u00edna Habov\u0161tiaka. \u010cestn\u00fd <a class=\"mh-excerpt-more\" href=\"https:\/\/www.zusnizna.sk\/?p=2874\" title=\"Ni\u017e\u0148ania pomenovali \u0161kolu po Vendel\u00ednovi Habov\u0161tiakovi\">[&#8230;]<\/a><\/p>\n<\/div>","protected":false},"author":3,"featured_media":2959,"comment_status":"open","ping_status":"open","sticky":false,"template":"","format":"standard","meta":[],"categories":[2],"tags":[],"_links":{"self":[{"href":"https:\/\/www.zusnizna.sk\/index.php?rest_route=\/wp\/v2\/posts\/2874"}],"collection":[{"href":"https:\/\/www.zusnizna.sk\/index.php?rest_route=\/wp\/v2\/posts"}],"about":[{"href":"https:\/\/www.zusnizna.sk\/index.php?rest_route=\/wp\/v2\/types\/post"}],"author":[{"embeddable":true,"href":"https:\/\/www.zusnizna.sk\/index.php?rest_route=\/wp\/v2\/users\/3"}],"replies":[{"embeddable":true,"href":"https:\/\/www.zusnizna.sk\/index.php?rest_route=%2Fwp%2Fv2%2Fcomments&post=2874"}],"version-history":[{"count":2,"href":"https:\/\/www.zusnizna.sk\/index.php?rest_route=\/wp\/v2\/posts\/2874\/revisions"}],"predecessor-version":[{"id":3121,"href":"https:\/\/www.zusnizna.sk\/index.php?rest_route=\/wp\/v2\/posts\/2874\/revisions\/3121"}],"wp:featuredmedia":[{"embeddable":true,"href":"https:\/\/www.zusnizna.sk\/index.php?rest_route=\/wp\/v2\/media\/2959"}],"wp:attachment":[{"href":"https:\/\/www.zusnizna.sk\/index.php?rest_route=%2Fwp%2Fv2%2Fmedia&parent=2874"}],"wp:term":[{"taxonomy":"category","embeddable":true,"href":"https:\/\/www.zusnizna.sk\/index.php?rest_route=%2Fwp%2Fv2%2Fcategories&post=2874"},{"taxonomy":"post_tag","embeddable":true,"href":"https:\/\/www.zusnizna.sk\/index.php?rest_route=%2Fwp%2Fv2%2Ftags&post=2874"}],"curies":[{"name":"wp","href":"https:\/\/api.w.org\/{rel}","templated":true}]}}