{"id":2682,"date":"2015-10-20T21:04:10","date_gmt":"2015-10-20T19:04:10","guid":{"rendered":"http:\/\/www.zusnizna.sk\/page\/?p=2682"},"modified":"2015-10-20T21:04:10","modified_gmt":"2015-10-20T19:04:10","slug":"sprava-o-vychovno-vzdelavacej-cinnosti-zakladnej-umeleckej-skoly-v-niznej-za-skolsky-rok-20142015","status":"publish","type":"post","link":"https:\/\/www.zusnizna.sk\/?p=2682","title":{"rendered":"Spr\u00e1va o v\u00fdchovno-vzdel\u00e1vacej \u010dinnosti Z\u00e1kladnej umeleckej \u0161koly v Ni\u017enej za \u0161kolsk\u00fd rok 2014\/2015"},"content":{"rendered":"<h1><\/h1>\n<p style=\"text-align: justify;\"><strong>N\u00e1zov \u0161koly:<\/strong> Z\u00e1kladn\u00e1 umeleck\u00e1 \u0161kola v Ni\u017enej<\/p>\n<p style=\"text-align: justify;\"><strong>Adresa \u0161koly:<\/strong> Nov\u00e1 Doba 482, 027 43 Ni\u017en\u00e1<\/p>\n<p style=\"text-align: justify;\"><strong>Telef\u00f3nne \u010d\u00edslo:<\/strong><strong>\u00a0 <\/strong>043\/5381 264<\/p>\n<p style=\"text-align: justify;\"><strong>Internetov\u00e1 adresa:<\/strong> www.zusnizna.sk<\/p>\n<p style=\"text-align: justify;\"><strong>Elektronick\u00e1 adresa:<\/strong> \u00a0zus@zusnizna.sk<\/p>\n<p style=\"text-align: justify;\"><strong>Zria\u010fovate\u013e \u0161koly:<\/strong> Obecn\u00fd \u00farad v Ni\u017enej<\/p>\n<p style=\"text-align: justify;\"><strong>Ved\u00faci zamestnanci:<\/strong><strong>\u00a0\u00a0\u00a0\u00a0\u00a0\u00a0\u00a0\u00a0\u00a0\u00a0 <\/strong><\/p>\n<ul>\n<li style=\"text-align: justify;\">Peter Ku\u010dka \u2013 riadite\u013e \u0161koly<\/li>\n<li style=\"text-align: justify;\">Alena Hlavajov\u00e1 \u2013 z\u00e1stupky\u0148a riadite\u013ea \u0161koly<\/li>\n<\/ul>\n<p style=\"text-align: justify;\"><strong>Rada \u0161koly:<\/strong><\/p>\n<p style=\"text-align: justify;\">Predseda:<strong> Mgr. Eva \u0160imi\u010d\u00e1kov\u00e1<\/strong><\/p>\n<p style=\"text-align: justify;\">\u010clenovia:<\/p>\n<ul style=\"text-align: justify;\">\n<li>Mgr. Martina Labd\u00edkov\u00e1,<\/li>\n<li>Mgr. Andrea Orie\u0161kov\u00e1<\/li>\n<li>Ing.Marek Bu\u010dka<\/li>\n<li>Margar\u00e9ta Ko\u0161tialov\u00e1<\/li>\n<li>Rastislav \u0160tec<\/li>\n<li>Radoslav Malatinka<\/li>\n<li>Jozef V\u00edrostko<\/li>\n<li>Ing. Miroslav Slosiar<\/li>\n<li>Mgr.Bohuslav Kortman<\/li>\n<li>Darina Zajacov\u00e1<\/li>\n<\/ul>\n<h1 style=\"text-align: justify;\">Umeleck\u00e1 rada \u0161koly:<\/h1>\n<p style=\"text-align: justify;\">Predseda: <strong>Peter\u00a0 Ku\u010dka<\/strong><\/p>\n<p style=\"text-align: justify;\">\u010clenovia:<\/p>\n<ul style=\"text-align: justify;\">\n<li>Katar\u00edna \u010eurin\u00edkov\u00e1<\/li>\n<li>Alena HLAVAJOV\u00c1<\/li>\n<li>Mgr. Bohuslav Kortman<\/li>\n<li>Mgr. Miroslava MALATINKOV\u00c1<\/li>\n<li>Magdal\u00e9na Mat\u00fa\u0161ov\u00e1<\/li>\n<\/ul>\n<h1 style=\"text-align: justify;\">Predmetov\u00e9 komisie:<\/h1>\n<p style=\"text-align: justify;\"><strong>Predmetov\u00e1 komisia oddelenia kl\u00e1vesov\u00fdch n\u00e1strojov<\/strong><\/p>\n<ul style=\"text-align: justify;\">\n<li>hra na klav\u00edri<\/li>\n<li>hra na akorde\u00f3ne<\/li>\n<\/ul>\n<p style=\"text-align: justify;\">Ved\u00faca PK:\u00a0 <strong>Monika Madle\u0148\u00e1kov\u00e1<\/strong><\/p>\n<p style=\"text-align: justify;\">\u010clenovia:<\/p>\n<ul style=\"text-align: justify;\">\n<li>Alena Hlavajov\u00e1<\/li>\n<li>Zuzana \u017duffov\u00e1<\/li>\n<li>Zdeno Reguly<\/li>\n<li>Elena Ballekov\u00e1<\/li>\n<li>M\u00e1ria Bist\u00e1rov\u00e1<\/li>\n<li>Eva \u0160imi\u010d\u00e1kov\u00e1<\/li>\n<li>Marta Podbielan\u010d\u00edkov\u00e1<\/li>\n<\/ul>\n<p style=\"text-align: justify;\"><strong>Predmetov\u00e1 komisia oddelenia dychov\u00fdch n\u00e1strojov<\/strong><\/p>\n<ul style=\"text-align: justify;\">\n<li>hra na zobcovej flaute<\/li>\n<li>hra na prie\u010dnej flaute<\/li>\n<li>spev s\u00f3lov\u00fd a\u00a0skupinov\u00fd<\/li>\n<\/ul>\n<p style=\"text-align: justify;\">Ved\u00faca PK: <strong>Katar\u00edna \u010eurin\u00edkov\u00e1<\/strong><\/p>\n<p style=\"text-align: justify;\">\u010clenovia:<\/p>\n<ul style=\"text-align: justify;\">\n<li>Henrieta Habl\u00e1kov\u00e1<\/li>\n<li>Zuzana Such\u00e1nkov\u00e1<\/li>\n<li>Art. Pavol Ba\u017e\u00edk<\/li>\n<li>Zdeno Reguly<\/li>\n<\/ul>\n<p style=\"text-align: justify;\"><strong>Predmetov\u00e1 komisia strunov\u00fdch n\u00e1strojov\u00a0\u00a0\u00a0<\/strong><\/p>\n<ul style=\"text-align: justify;\">\n<li>hra na husliach<\/li>\n<li>hra na gitare<\/li>\n<\/ul>\n<p style=\"text-align: justify;\">Ved\u00faca\u00a0 PK: <strong>Magdal\u00e9na Mat\u00fa\u0161ov\u00e1<\/strong><\/p>\n<p style=\"text-align: justify;\">\u010clenovia :<\/p>\n<ul style=\"text-align: justify;\">\n<li>M\u00e1rio Kubas Dis.art.<\/li>\n<li>Bohuslav Kortman<\/li>\n<li>Peter Ku\u010dka<\/li>\n<li>Miroslav \u0160tefan<\/li>\n<li>Zdeno Reguly<\/li>\n<li>D\u00e1vid \u0160\u00e1ndor Dis.art.<\/li>\n<\/ul>\n<p style=\"text-align: justify;\"><strong>Predmetov\u00e1 komisia\u00a0 oddelenia kolekt\u00edvnych predmetov<\/strong><\/p>\n<ul style=\"text-align: justify;\">\n<li>pr\u00edpravn\u00e1 hudobn\u00e1 v\u00fdchova<\/li>\n<li>hudobn\u00e1 n\u00e1uka<\/li>\n<\/ul>\n<p style=\"text-align: justify;\">Ved\u00faci PK: <strong>Mgr.Bohuslav Kortman<\/strong><\/p>\n<p style=\"text-align: justify;\">\u010clenovia:<\/p>\n<ul style=\"text-align: justify;\">\n<li>Elena Ballekov\u00e1<\/li>\n<li>Eva \u0160imi\u010d\u00e1kov\u00e1<\/li>\n<li>Zdeno Reguly<\/li>\n<\/ul>\n<p style=\"text-align: justify;\"><strong>Predmetov\u00e1 komisia tane\u010dn\u00e9ho, v\u00fdtvarn\u00e9ho a\u00a0liter\u00e1rno-dramatick\u00e9ho odboru\u00a0<\/strong><\/p>\n<p style=\"text-align: justify;\">Ved\u00faca PK:\u00a0 <strong>Mgr. Miroslava Malatinkov\u00e1<\/strong><\/p>\n<p style=\"text-align: justify;\">\u010clenovia:<\/p>\n<ul style=\"text-align: justify;\">\n<li>Jaroslav Broz<\/li>\n<li>Zdena Brozov\u00e1<\/li>\n<li>\u013dubom\u00edr Jarol\u00edn<\/li>\n<li>Daniela Kraj\u010diov\u00e1<\/li>\n<li>Nat\u00e1lia Stasov\u00e1<\/li>\n<li>Barbora Pav\u010dov\u00e1.<\/li>\n<\/ul>\n<h3 style=\"text-align: justify;\">\u00a0\u00dadaje o po\u010dte \u017eiakov:<\/h3>\n<p style=\"text-align: justify;\"><strong>\u00a0<\/strong>\u0160kolu nav\u0161tevovalo v\u00a0\u0161k. roku 2014\/2015 spolu 445 \u017eiakov.<\/p>\n<p style=\"text-align: justify;\">Z\u00a0toho:<\/p>\n<table width=\"605\">\n<tbody>\n<tr>\n<td width=\"72\"><strong>Odbor<\/strong><\/td>\n<td width=\"168\"><strong>Ro\u010dn\u00edkov\u00ed \u017eiaci<\/strong><\/td>\n<td width=\"169\"><strong>Pr\u00edpravn\u00e9 \u0161t\u00fadium<\/strong><\/td>\n<td width=\"196\"><strong>\u0160t\u00fadium pre dospel\u00fdch<\/strong><\/td>\n<\/tr>\n<tr>\n<td width=\"72\"><strong>HO<\/strong><\/td>\n<td width=\"168\">208<\/td>\n<td width=\"169\">25<\/td>\n<td width=\"196\">&#8211;<\/td>\n<\/tr>\n<tr>\n<td width=\"72\"><strong>VO<\/strong><\/td>\n<td width=\"168\">88<\/td>\n<td width=\"169\">2<\/td>\n<td width=\"196\">&#8211;<\/td>\n<\/tr>\n<tr>\n<td width=\"72\"><strong>TO<\/strong><\/td>\n<td width=\"168\">46<\/td>\n<td width=\"169\">53<\/td>\n<td width=\"196\">&#8211;<\/td>\n<\/tr>\n<tr>\n<td width=\"72\"><strong>LDO<\/strong><\/td>\n<td width=\"168\">16<\/td>\n<td width=\"169\">&#8211;<\/td>\n<td width=\"196\">7<\/td>\n<\/tr>\n<\/tbody>\n<\/table>\n<p style=\"text-align: justify;\"><strong>U\u010debn\u00e9 pl\u00e1ny<\/strong><\/p>\n<p style=\"text-align: justify;\">Vyu\u010dovanie na \u0161kole je realizovan\u00e9 pod\u013ea U\u010debn\u00fdch pl\u00e1nov schv\u00e1len\u00fdch M\u0160 SR pre ZU\u0160 z roku 2009 pod \u010d\u00edslom CD 2009-27474\/21375 a \u0160kolsk\u00e9ho vzdel\u00e1vacieho programu pre prv\u00e9 a druh\u00e9 ro\u010dn\u00edky.<\/p>\n<p style=\"text-align: justify;\"><strong>\u00dadaje o po\u010dte zamestnancov<\/strong><\/p>\n<ul style=\"text-align: justify;\">\n<li>25 pedagogick\u00fdch zamestnancov<\/li>\n<li>6 prev\u00e1dzkov\u00ed zamestnanci<\/li>\n<\/ul>\n<p style=\"text-align: justify;\"><strong>\u00a0\u00a0 Plnenie kvalifika\u010dn\u00fdch predpokladov<\/strong><\/p>\n<p style=\"text-align: justify;\">Pedagogick\u00fd zbor tvor\u00ed 24 kvalifikovan\u00fdch a 1\u00a0 nekvalifikovan\u00fd pedagogick\u00fd zamestnanec.<\/p>\n<p style=\"text-align: justify;\"><strong>\u010eal\u0161ie vzdel\u00e1vanie pedagogick\u00fdch zamestnancov<\/strong><\/p>\n<p style=\"text-align: justify;\">Jeden pedag\u00f3g \u0161tuduje 3. ro\u010dn\u00edk na konzervat\u00f3riu vo Zvolene hru na klav\u00edri.Ostatn\u00ed pedag\u00f3govia si dop\u013a\u0148aj\u00fa odbornos\u0165 na \u0161pecializovan\u00fdch semin\u00e1roch, tvoriv\u00fdch diel\u0148ach a majstrovsk\u00fdch kurzoch usporiadan\u00fdch pri celoslovensk\u00fdch a medzin\u00e1rodn\u00fdch umeleck\u00fdch festivaloch a\u00a0s\u00fa\u0165a\u017eiach.<\/p>\n<p style=\"text-align: justify;\"><strong>\u00a0<\/strong><\/p>\n<p style=\"text-align: justify;\"><strong>Aktivity a prezent\u00e1cie \u0161koly<\/strong><\/p>\n<p style=\"text-align: justify;\">Nosn\u00fdm projektom \u0161koly je \u2013 n\u00e1rodn\u00e1 s\u00fa\u0165a\u017e \u017eiakov z\u00e1kladn\u00fdch umeleck\u00fdch \u0161k\u00f4l v hre na\u00a0 zobcovej\u00a0\u00a0 flaute\u00a0 a dreven\u00fdch\u00a0 dychov\u00fdch\u00a0 n\u00e1strojoch\u00a0 <strong>\u201e<\/strong>\u010carovn\u00e1\u00a0 flauta\u201c \u00a0&#8211; \u010dlen\u00a0 EMCY Slovakia, ktorej 13. ro\u010dn\u00edk sa uskuto\u010dnil v d\u0148och 19-21. novembra 2014.<\/p>\n<p style=\"text-align: justify;\">Ka\u017edoro\u010dne organizujeme aj celoslovensk\u00e1 s\u00fa\u0165a\u017e v hre na husliach \u201eHus\u013eov\u00e9 talenty\u201c, \u00a0ktor\u00fd je s\u00fa\u010das\u0165ou Hudobn\u00e9ho festivalu\u00a0 Ivana Ballu v Dolnom Kub\u00edne a\u00a0jej 17.ro\u010dn\u00edk sa konal 22.m\u00e1ja 2015.<\/p>\n<p style=\"text-align: justify;\">\u010eal\u0161\u00edmi\u00a0 podujatiami, ktor\u00e9 \u0161kola organizuje s\u00fa\u00a0 ka\u017edoro\u010dne Mikul\u00e1\u0161sky koncert, Viano\u010dn\u00fd\u00a0 koncert v\u00a0Ni\u017enej aj v\u00a0Dolnom Kub\u00edne,\u00a0 \u00a0koncert\u00a0 venovan\u00fd\u00a0 d\u0148u \u00facty k\u00a0star\u0161\u00edm, celokrajsk\u00e9 stretnutie d\u00f4chodcov, de\u0148 matiek, v\u00fdchovn\u00e9 koncerty v\u00a0Chlebniciach, v Ni\u017enej a\u00a0Habovke.<\/p>\n<p style=\"text-align: justify;\">V tomto \u0161kolskom roku sa podarilo u\u017e po siedmy kr\u00e1t zorganizova\u0165 prehliadku mlad\u00fdch spev\u00e1kov \u013eudov\u00fdch piesn\u00ed Ni\u017enianske minisynkopy, ktor\u00e1 sa uskuto\u010dnila 14.apr\u00edla 2015. Predstavilo sa 11 spev\u00e1kov z Chlebn\u00edc, Zuberca, Podbiela a z Liesku. Hos\u0165ami podujatia bola u\u017e tradi\u010dne \u013dH Karola Hrom\u00e1dku zo ZU\u0160 Ivana Ballu Doln\u00fd Kub\u00edn\u00a0 so svojimi s\u00f3listami a\u00a0 Al\u017ebeta \u010cadeck\u00e1 ktor\u00e1 sa predstavila hrou na gajd\u00e1ch. Na prehliadke n\u00e1s pote\u0161ila hojn\u00e1 \u00fa\u010das\u0165 div\u00e1kov.<\/p>\n<p style=\"text-align: justify;\">\u017diaci <strong><em>tane\u010dn\u00e9ho odboru<\/em><\/strong> sa z\u00fa\u010dastnili mno\u017estva vyst\u00fapen\u00ed ale aj s\u00fa\u0165a\u017e\u00ed\u00a0. V d\u0148och 3-5. okt\u00f3bra sa predstavili na celoslovenskej s\u00fa\u0165a\u017ei \u201eDia\u013eavy\u201c v Michalovciach, kde z\u00edskali s piatimi choreografiami 1. miesto , 2. \u00a0miesto a dve 3. miesta. 17-19 apr\u00edla absolvovali medzin\u00e1rodn\u00fa tane\u010dn\u00fa s\u00fa\u0165a\u017e v Brne \u201e O Medl\u00e1neckou s\u00fdpku\u201c. Takisto ve\u013emi \u00faspe\u0161ne z\u00edskali \u0161tyri 2. miesta a jedno 3. miesto. \u010eal\u0161ie vyst\u00fapenia mali na Podroh\u00e1\u010dskych folkl\u00f3rnych sl\u00e1vnostiach, \u010falej v Chorv\u00e1tsku v r\u00e1mci vyst\u00fapen\u00ed FS Oravan,\u00a0 V\u00fdchovn\u00e9 koncerty v\u00a0Ni\u017enej, Habovke, Chlebniciach; plesy v\u00a0Ni\u017enej, Krivej, Tvrdo\u0161\u00edne a\u00a0Trstenej, \u00fa\u010dinkovali aj pri stavanie m\u00e1ja, v s\u00fa\u0165a\u017ei Tvrdo\u0161\u00edn m\u00e1 talent a\u00a0\u010fal\u0161\u00edch.<\/p>\n<p style=\"text-align: justify;\">\u017diaci\u00a0 <strong><em>liter\u00e1rno-dramatick\u00e9ho odboru<\/em><\/strong>, pod veden\u00edm pani u\u010d. Mgr. Zdeny Brozovej a Mgr. Jaroslava Broza, z\u00edskali nieko\u013eko v\u00fdznamn\u00fdch ocenen\u00ed. U\u017e v d\u0148och 17-19.\u00a0 septembra sa z\u00fa\u010dastnili X. ro\u010dn\u00edka medzin\u00e1rodnej divadelnej prehliadky\u201c Divadeln\u00e1 chal\u00fapka\u201c. Na t\u00fato prehliadku sa dostali na z\u00e1klade \u00faspechov na s\u00fa\u0165a\u017eiach v minulom \u0161kolskom roku. Ve\u013emi ich\u00a0 pochv\u00e1lila aj krstn\u00e1 mama tejto prehliadky pani Zuzana Kr\u00f3nerov\u00e1.<\/p>\n<p style=\"text-align: justify;\">\u00a0 V janu\u00e1ri z\u00edskali na okresnom kole s\u00fa\u0165a\u017ee \u0160aliansky Ma\u0165ko dve 1. miesta Ema a Eva Dobrovolsk\u00e9 . Na krajskom kole sa umiestnila Eva na1. mieste a Ema na 2. mieste.<\/p>\n<p style=\"text-align: justify;\">Na region\u00e1lnom kole Kub\u00ednsk\u00fdch divadeln\u00fdch dn\u00ed obsadil 1. miesto divadeln\u00fd s\u00fabor Dobrozv\u00ed\u0165az\u00ed s recita\u010dn\u00fdm divadlom \u201eV ra\u017ed\u00ed (pod\u013ea Ag\u00e1ty)\u201c a takisto 1. miesto divadeln\u00fd s\u00fabor Pliaga so sc\u00e9nickou miniat\u00farou \u201eBam\u201c.<\/p>\n<p style=\"text-align: justify;\">V apr\u00edli sa predstavili Ema a Eva Dobrovolsk\u00e9 a Ag\u00e1ta Brozov\u00e1 na okresnom kole Hviezdoslavov Kub\u00edn. V\u0161etky tri z\u00edskali 1. miesto. Na krajskom kole v Martine bola Eva Dobrovolsk\u00e1 prv\u00e1 a Ema Dobrovolsk\u00e1, Ag\u00e1ta Brozov\u00e1 obsadili 3. miesto. Na krajskej divadelnej s\u00fa\u0165a\u017ei Vajansk\u00e9ho Martin uspel detsk\u00fd recita\u010dn\u00fd kolekt\u00edv Dobrozv\u00ed\u0165az\u00ed, kde zv\u00ed\u0165azil a z\u00e1rove\u0148 post\u00fapil na celoslovensk\u00fa s\u00fa\u0165a\u017e Hviezdoslavov Kub\u00edn.<\/p>\n<p style=\"text-align: justify;\">V j\u00fani sa v Trstenej konala celoslovensk\u00e1 recita\u010dn\u00e1 s\u00fa\u0165a\u017e Dilongov\u00e1 Trsten\u00e1. Martin Lorinc zv\u00ed\u0165azil a Ag\u00e1ta Brozov\u00e1 bola druh\u00e1.<\/p>\n<p style=\"text-align: justify;\">12.6. z\u00edskala Ag\u00e1ta Brozov\u00e1 1 miesto v pr\u00f3ze a 2 miesto v po\u00e9zi\u00ed medzi 470 s\u00fa\u0165a\u017eiacimi na celoslovenskej liter\u00e1rnej s\u00fa\u0165a\u017ei Liter\u00e1rny Ke\u017emarok.<\/p>\n<p style=\"text-align: justify;\">Vrcholom LDO bola \u00fa\u010das\u0165 divadla Dobrozv\u00ed\u0165az\u00ed a Emy Dobrovolskej na celoslovenskej s\u00fa\u0165a\u017ei Hviezdoslavov Kub\u00edn.<\/p>\n<p style=\"text-align: justify;\">\u017diaci <strong><em>v\u00fdtvarn\u00e9ho odboru<\/em><\/strong> ZU\u0160 Ni\u017en\u00e1 reprezentovali svojimi v\u00fdtvarn\u00fdmi pr\u00e1cami na celoslovensk\u00fdch s\u00fa\u0165a\u017eiach \u201e Talent, umenie, kum\u0161t\u201c, na 4. ro\u010d. s\u00fa\u0165a\u017ee\u201e Cesty za poznan\u00edm minulosti 2014\u201c, \u201e Pol\u00edcia o\u010dami det\u00ed\u201c, \u201e Seneck\u00e1 d\u00faha 2015\u201c , \u00a0\u201eMa\u013eovan\u00e1 Zu\u0161ka 2014\u201c, \u00a0\u201e Viano\u010dn\u00e1 pohladnica\u201c a in\u00e9. Okrem s\u00fa\u0165a\u017e\u00ed pripravil VO v\u00fdstavy pr\u00e1c \u017eiakov absolventov. Tri \u017eia\u010dky sa dostali na stredn\u00e9 umeleck\u00e9 \u0161koly a \u017eiak druh\u00e9ho stup\u0148a Rudolf Suran bol prijat\u00fd na\u0161t\u00fadium na V\u0160VU v Bratislave.<\/p>\n<p style=\"text-align: justify;\">V <strong><em>hudobnom odbore <\/em><\/strong>sa na\u0161i \u017eiaci z\u00fa\u010dastnili nasledovn\u00fdch s\u00fa\u0165a\u017e\u00ed: celoslovensk\u00e1 s\u00fa\u0165a\u017e \u010carovn\u00e1 flauta, Hus\u013eov\u00e9 talenty v Ni\u017enej, XIV.medzin\u00e1rodn\u00fd festival akordeonistov\u00a0 v\u00a0Rajeck\u00fdch Tepliciach, Schneiderova Trnava, celoslovensk\u00e1 gitarov\u00e1 s\u00fa\u0165a\u017e Bojnice, Klasick\u00e1 gitara Ru\u017eomberok, Gelnick\u00fd kl\u00fa\u010dik, medzin\u00e1rodn\u00e1 spev\u00e1cka s\u00fa\u0165a\u017e Rudolfa Petr\u00e1ka v \u017diline, spev\u00e1cka s\u00fa\u0165a\u017e Fullstar v Ru\u017eomberku, Saxof\u00f3n Star\u00e1 Lubov\u0148a, Cikkerov\u00e1 Bansk\u00e1 Bystrica, region\u00e1lna s\u00fa\u0165a\u017e Biela Orava a in\u00e9<\/p>\n<p style=\"text-align: justify;\">\u00a0\u00a0\u00a0\u00a0\u00a0\u00a0\u00a0\u00a0\u00a0 \u013dH Ostrvka pod veden\u00edm Miroslava \u0160tefana a novovzniknut\u00e1 \u013dH Gr\u00fa\u0148, ktor\u00e1 p\u00f4sob\u00ed v elokovanom pracovisku Habovka pod veden\u00edm Mgr. Bohuslava Kortmana aj tento \u0161k. rok reprezentovali na\u0161u \u0161kolu na viacer\u00fdch podujatiach. Vyst\u00fapenia pre na\u0161ich d\u00f4chodcov, benefi\u010dn\u00fd koncert pre Anetku, v dokumente o Habovke pre TV JOJ, na Ni\u017enianskych krp\u010dekoch, na Ba\u010dovsk\u00fdch d\u0148och v Malatinej a in\u00fdch akci\u00e1ch \u0161koly.<\/p>\n<p style=\"text-align: justify;\"><strong>\u00a0<\/strong>Okrem uveden\u00fdch podujat\u00ed \u0161kola organizuje raz do mesiaca verejn\u00e9 \u017eiacke koncerty a pozornos\u0165 si zasl\u00fa\u017eia aj verejn\u00e9 absolventsk\u00e9 koncerty &#8211; v tomto roku sme ich usporiadali 2, ktor\u00e9 sprev\u00e1dzala v\u00fdstava pr\u00e1c absolventov v\u00fdtvarn\u00e9ho odboru. Medzi pr\u00edle\u017eitostn\u00e9 vyst\u00fapenia na\u0161ich \u017eiakov patria vyst\u00fapenia pre d\u00f4chodcov, matersk\u00fa a z\u00e1kladn\u00fa \u0161kolu, v Ni\u017enej a v Habovke.<\/p>\n<p style=\"text-align: justify;\"><strong>Materi\u00e1lno-technick\u00e9 podmienky \u0161koly:<\/strong><\/p>\n<p style=\"text-align: justify;\">Riadite\u013estvo \u0161koly sa nach\u00e1dza v priestoroch pr\u00edstavby Z\u00e1kladnej \u0161koly s M\u0160 v Ni\u017enej. Priestory pre\u00a0 v\u00fdu\u010dbu hudobn\u00e9ho a tane\u010dn\u00e9ho odboru s\u00fa vyhovuj\u00face, av\u0161ak v\u00fdtvarn\u00fd odbor nem\u00e1 svoje vlastn\u00e9 priestory zodpovedaj\u00face potrebe. Pracuje v priestoroch suter\u00e9nu Z\u0160, kde je \u010dasto ve\u013emi chladno a na po\u010det \u017eiakov je m\u00e1lo miesta. Takisto by bolo dobr\u00e9 vybudova\u0165 u\u010deb\u0148u pre LDO<\/p>\n<p style=\"text-align: justify;\">Do bud\u00facnosti by sn\u00e1\u010f bolo mo\u017en\u00e9 rozm\u00fd\u0161\u013ea\u0165 o dobudovan\u00ed podkrovia, ktor\u00e9 by bolo vhodn\u00e9 pr\u00e1ve pre spom\u00ednan\u00e9 \u010dinnosti.<\/p>\n<p style=\"text-align: justify;\">Okrem \u0161koly v Ni\u017enej m\u00e1me elokovan\u00e9 pracovisk\u00e1\u00a0 v\u00a0Habovke,\u00a0Chlebniciach a Liesku. V Habovke sa v priestoroch Z\u0160 s\u00a0M\u0160 vyu\u010duje\u00a0 hudobn\u00e1 n\u00e1uka, hra na klav\u00edri, hra na husliach, hra na gitare, spev a nemal\u00fd podiel na vyu\u010dovan\u00ed maj\u00fa aj tane\u010dn\u00fd a v\u00fdtvarn\u00fd odbor. V\u00a0Z\u0160 s M\u0160 v Chlebniciach vyu\u010dujeme \u00a0hru na husliach, flaute, saxof\u00f3ne, akorde\u00f3ne , gitare, hudobn\u00fa n\u00e1uku a\u00a0miesto tam m\u00e1 aj v\u00fdtvarn\u00fd odbor. V Liesku\u00a0 sa vyu\u010duje v\u00fdtvarn\u00fd odbor.<\/p>\n<p style=\"text-align: justify;\"><strong>Finan\u010dn\u00e9 a hmotn\u00e9 zabezpe\u010denie v\u00fdchovno-vzdel\u00e1vacej \u010dinnosti \u0161koly:<\/strong><\/p>\n<p style=\"text-align: justify;\">\u0160kola z\u00edskava finan\u010dn\u00e9 prostriedky jednak zo zdrojov pre financovanie origin\u00e1lnych kompetenci\u00ed\u00a0 a z pr\u00edspevku\u00a0 rodi\u010dov\u00a0 na\u00a0 \u00fahradu\u00a0 n\u00e1kladov\u00a0 spojen\u00fdch\u00a0 so\u00a0 \u0161t\u00fadiom\u00a0 pod\u013ea z\u00e1konn\u00fdch podmienok.<\/p>\n<p style=\"text-align: justify;\">Nako\u013eko rozpo\u010dtov\u00e1 \u010diastka neposta\u010duje ani na pokrytie potrieb miezd pre zamestnancov \u0161koly, je nutn\u00e9 ch\u00fdbaj\u00face finan\u010dn\u00e9 prostriedky dop\u013a\u0148a\u0165 zo zdrojov pr\u00edspevku rodi\u010dov, \u010do v kone\u010dnom d\u00f4sledku zni\u017euje mo\u017enos\u0165 pou\u017eitia t\u00fdchto prostriedkov na zlep\u0161enie a skvalitnenie samotn\u00e9ho v\u00fdchovno-vyu\u010dovacieho procesu.<\/p>\n<p style=\"text-align: justify;\"><strong>Cie\u013e koncep\u010dn\u00e9ho z\u00e1meru rozvoja \u0161koly:<\/strong><\/p>\n<p style=\"text-align: justify;\">Cie\u013eom koncep\u010dn\u00e9ho z\u00e1meru rozvoja \u0161koly je dosiahnu\u0165 stabiliz\u00e1ciu celkov\u00e9ho po\u010dtu \u0161tuduj\u00facich \u017eiakov \u0161koly (pri st\u00e1le sa zni\u017euj\u00facom po\u010dte \u017eiakov v prv\u00fdch triedach Z\u0160) na minim\u00e1lne 450 \u017eiakov a optimalizova\u0165 tak aj chod \u0161koly prijat\u00edm jedn\u00e9ha a\u017e dvoch pedagogov.<\/p>\n<p style=\"text-align: justify;\">Z\u00e1rove\u0148 chceme dosiahnu\u0165 skvalitnenie v\u00fdchovno-vzdel\u00e1vacej pr\u00e1ce u\u010dite\u013eov, kde by malo pom\u00f4c\u0165 vyu\u017eitie nov\u00e9ho \u0160kolsk\u00e9ho vzdel\u00e1vacieho programu, na ktorom sa akt\u00edvne podie\u013eaj\u00fa v\u0161etci vyu\u010duj\u00faci, \u010do by malo by\u0165 na prospech predov\u0161etk\u00fdm na\u0161ich det\u00ed. Cie\u013eom je aj person\u00e1lna stabiliz\u00e1cia obsadenia \u0161koly s redukovan\u00edm u\u010dite\u013eov so skr\u00e1ten\u00fdm vyu\u010dovac\u00edm \u00fav\u00e4zkom.<\/p>\n<p style=\"text-align: justify;\">Vedenie \u0161koly sa bude sna\u017ei\u0165 udr\u017ea\u0165 z\u00e1ujem pedag\u00f3gov o \u010fal\u0161ie vzdel\u00e1vanie u\u010dite\u013eov. Na\u0161im cie\u013eom je aj na\u010falej udr\u017ea\u0165 vysok\u00fa umeleck\u00fa i organiza\u010dn\u00fa \u00farove\u0148 hlavn\u00e9ho projektu \u0161koly\u00a0 \u2013\u00a0 N\u00e1rodnej\u00a0 s\u00fa\u0165a\u017ee\u00a0 v hre\u00a0\u00a0 na\u00a0\u00a0 zobcovej\u00a0 flaute\u00a0 a dreven\u00fdch\u00a0 dychov\u00fdch\u00a0 n\u00e1strojoch \u201e\u010carovn\u00e1 flauta\u201c.<\/p>\n<p style=\"text-align: justify;\">V oblasti materi\u00e1lno-technick\u00e9ho zabezpe\u010denia je na\u0161\u00edm cie\u013eom po preklenut\u00ed stavu kr\u00edzy sa\u00a0 prostredn\u00edctvom projektov pok\u00fasi\u0165 z\u00edska\u0165 prostriedky na vybudovanie podkrovia \u0161koly.<\/p>\n<p style=\"text-align: justify;\"><strong>Oblasti, v ktor\u00fdch dosiahla \u0161kola dobr\u00e9 v\u00fdsledky<\/strong><\/p>\n<p style=\"text-align: justify;\"><strong>\u010carovn\u00e1\u00a0 flauta\u00a0 <\/strong><\/p>\n<ul style=\"text-align: justify;\">\n<li>Radka \u010cupor\u00e1kov\u00e1 &#8211; 3.miesto &#8211;\u00a0 prie\u010dna flauta &#8211; p. u\u010d. K. \u010eurin\u00edkov\u00e1<\/li>\n<li>Janka \u0164apajnov\u00e1 &#8211; 2.miesto\u00a0 &#8211; saxof\u00f3n &#8211; p. u\u010d. Mgr. Z. Reguly<\/li>\n<\/ul>\n<p style=\"text-align: justify;\"><strong>Cikkerova Bansk\u00e1 Bystrica<\/strong><\/p>\n<ul style=\"text-align: justify;\">\n<li>Martina Vavrekov\u00e1 \u00a0&#8211; bronzov\u00e9 p\u00e1smo \u00a0\u2013 p. u\u010d. K. \u010eurin\u00edkov\u00e1<\/li>\n<li>Janka \u0164apajnov\u00e1 &#8211; strieborn\u00e9 p\u00e1smo &#8211; p. u\u010d. Mgr. Z.Reguly<\/li>\n<\/ul>\n<p style=\"text-align: justify;\"><strong>Celoslovensk\u00e1 gitarov\u00e1 s\u00fa\u0165a\u017e Bojnice\u00a0 \u00a0\u00a0\u00a0\u00a0\u00a0\u00a0\u00a0\u00a0 <\/strong><\/p>\n<ul style=\"text-align: justify;\">\n<li>Matej Orie\u0161ek &#8211; strieborn\u00e9 p\u00e1smo -p. u\u010d. M. Kubas, DisArt.<\/li>\n<li>Miriam Sta\u0161ov\u00e1 &#8211; strieborn\u00e9 p\u00e1smo &#8211; p. u\u010d. Mgr. Z.Reguly<\/li>\n<\/ul>\n<p><strong>\u013dubovniansky saxof\u00f3n<\/strong><\/p>\n<ul style=\"text-align: justify;\">\n<li>Janka \u0164apajnov\u00e1 &#8211; strieborn\u00e9 p\u00e1smo &#8211; p. u\u010d. Mgr. Z.Reguly<\/li>\n<\/ul>\n<p style=\"text-align: justify;\"><strong>Medzin\u00e1rodn\u00fd akorde\u00f3nov\u00fd festival Rajeck\u00e9 Teplice\u00a0 <\/strong><\/p>\n<ul style=\"text-align: justify;\">\n<li>Simona Huben\u00e1 &#8211; bronzov\u00e9 p\u00e1smo &#8211; p. u\u010d. E. Ballekov\u00e1<\/li>\n<\/ul>\n<p style=\"text-align: justify;\"><strong>\u00a0<\/strong><\/p>\n<p style=\"text-align: justify;\"><strong>Fullstar Ru\u017eomberok &#8211; spev\u00e1cka s\u00fa\u0165a\u017e<\/strong><\/p>\n<ul style=\"text-align: justify;\">\n<li>Ema Hrubo\u0161ov\u00e1 &#8211; strieborn\u00e9 p\u00e1smo<\/li>\n<li>David Ba\u017e\u00edk &#8211; bronzov\u00e9 p\u00e1smo &#8211; Mgr. Art.P. Ba\u017e\u00edk<\/li>\n<li>M\u00e1ria Kajanov\u00e1 &#8211; bronzov\u00e9 p\u00e1smo &#8211; Mgr. Art.P. Ba\u017e\u00edk<\/li>\n<li>\u017daneta \u017duffov\u00e1 &#8211; bronzov\u00e9 p\u00e1smo &#8211; Mgr. Art.P. Ba\u017e\u00edk<\/li>\n<\/ul>\n<p style=\"text-align: justify;\"><strong>Hus\u013eov\u00e9 talenty<\/strong><\/p>\n<ul style=\"text-align: justify;\">\n<li>Alexandra Mur\u00ednov\u00e1 &#8211; \u00a05. miesto P. Ku\u010dka<\/li>\n<\/ul>\n<p style=\"text-align: justify;\"><strong>\u00a0<\/strong><\/p>\n<p style=\"text-align: justify;\"><strong>Medzin\u00e1rodn\u00e1 spev\u00e1cka s\u00fa\u0165a\u017e R. Petr\u00e1ka<\/strong> <strong>\u017dilina \u00a0\u00a0\u00a0\u00a0\u00a0\u00a0 <\/strong><\/p>\n<ul style=\"text-align: justify;\">\n<li>Patr\u00edcia Pilar\u010d\u00edkov\u00e1 &#8211; \u010destn\u00e9 uznanie \u2013 p.u\u010d. H. Habl\u00e1kov\u00e1<\/li>\n<li>Barbora \u017duffov\u00e1 &#8211; \u010destn\u00e9 uznanie \u2013 p. u\u010d. H. Habl\u00e1kov\u00e1<\/li>\n<\/ul>\n<p style=\"text-align: justify;\"><strong>Gelnick\u00fd k\u013e\u00fa\u010d<\/strong><\/p>\n<ul style=\"text-align: justify;\">\n<li>Orchester zobcov\u00fdch fl\u00e1ut &#8211; 2x strieborn\u00e9 p\u00e1smo \u2013 p. u\u010d. K. \u010eurin\u00edkov\u00e1<\/li>\n<li>Flautovo-hus\u013eov\u00fd orchester &#8211; strieborn\u00e9 p\u00e1smo \u2013 p. u\u010d. K. \u010eurin\u00edkov\u00e1, p. u\u010d. \u00a0M. Mat\u00fa\u0161ov\u00e1<\/li>\n<\/ul>\n<p style=\"text-align: justify;\"><strong>Biela Orava N\u00e1mestovo \u2013 hra na husliach <\/strong><\/p>\n<ul style=\"text-align: justify;\">\n<li>Alexandra Mur\u00ednov\u00e1 &#8211; 1. miesto \u2013 p. u\u010d. M. Mat\u00fa\u0161ov\u00e1<\/li>\n<li>Michaela Holub\u010d\u00edkov\u00e1 &#8211; 3. miesto \u2013 p. u\u010d. M. Mat\u00fa\u0161ov\u00e1<\/li>\n<li>Lenka Kubalov\u00e1 &#8211; 3. miesto \u2013 p. u\u010d. M. \u0160tefan<\/li>\n<\/ul>\n<p style=\"text-align: justify;\"><strong>Biela Orava N\u00e1mestovo \u2013 hra na klav\u00edri<\/strong><\/p>\n<ul style=\"text-align: justify;\">\n<li>Sl\u00e1vka Podbielan\u010d\u00edkov\u00e1 &#8211; 1. miesto klav\u00edr \u2013 p. u\u010d. Mgr.E. \u0160imi\u010d\u00e1kov\u00e1<\/li>\n<\/ul>\n<p style=\"text-align: justify;\"><strong>Biela Orava N\u00e1mestovo \u2013 hra na akorde\u00f3ne<\/strong><\/p>\n<ul style=\"text-align: justify;\">\n<li>Simona Huben\u00e1 &#8211; 3. miesto &#8211; p. u\u010d. E. Ballekov\u00e1<\/li>\n<\/ul>\n<p style=\"text-align: justify;\"><strong>Biela Orava N\u00e1mestovo \u2013 hra na gitare<\/strong><\/p>\n<ul style=\"text-align: justify;\">\n<li>Timotej Bu\u010dka &#8211; 1. miesto &#8211; p. u\u010d. M. Kubas, DisArt<\/li>\n<li>Miriam Sta\u0161ov\u00e1 &#8211; 2. miesto &#8211; p. u\u010d. Mgr. Z.Reguly<\/li>\n<li>Tom\u00e1\u0161 Labd\u00edk\u00a0 &#8211; \u010destn\u00e9 uznanie p. u\u010d. M. Kubas, DisArt<\/li>\n<\/ul>\n<p style=\"text-align: justify;\"><strong>Region\u00e1lna dychov\u00e1 s\u00fa\u0165a\u017e Trsten\u00e1 <\/strong><\/p>\n<ul style=\"text-align: justify;\">\n<li>Janka \u0164apajnov\u00e1 &#8211; zlat\u00e9 p\u00e1smo a\u00a0cena poroty &#8211; p. u\u010d. Mgr. Z.Reguly<\/li>\n<li>Liliana Vasekov\u00e1 &#8211; zlat\u00e9 p\u00e1smo \u2013 p. u\u010d. K. \u010eurin\u00edkov\u00e1<\/li>\n<li>Katar\u00edna Kaz\u00edkov\u00e1 &#8211; zlat\u00e9 p\u00e1smo \u2013 p. u\u010d. K. \u010eurin\u00edkov\u00e1<\/li>\n<li>S\u00e1ra Ma\u010d\u0148\u00e1kov\u00e1 &#8211; strieborn\u00e9 p\u00e1smo \u2013 p. u\u010d. K. \u010eurin\u00edkov\u00e1<\/li>\n<li>Alexandra Smol\u00e1rov\u00e1 &#8211; bronzov\u00e9 p\u00e1smo &#8211; p. u\u010d. Z. Such\u00e1nkov\u00e1<\/li>\n<li>Alexandra Hrn\u010diarov\u00e1 &#8211; bronzov\u00e9 p\u00e1smo &#8211; p. u\u010d. Z. Such\u00e1nkov\u00e1<\/li>\n<\/ul>\n<p style=\"text-align: justify;\">Patr\u00edcia Pilar\u010d\u00edkov\u00e1 bola prijat\u00e1 na Konzervat\u00f3rium do \u017diliny &#8211; p. u\u010d. M. \u0160tefan.<\/p>\n<p style=\"text-align: justify;\">V Ni\u017enej 20.9.2015<\/p>\n<p style=\"text-align: justify;\">Peter Ku\u010dka<\/p>\n<p style=\"text-align: justify;\">Riadite\u013e ZU\u0160 Ni\u017en\u00e1<\/p>\n","protected":false},"excerpt":{"rendered":"<div class=\"mh-excerpt\"><p>N\u00e1zov \u0161koly: Z\u00e1kladn\u00e1 umeleck\u00e1 \u0161kola v Ni\u017enej Adresa \u0161koly: Nov\u00e1 Doba 482, 027 43 Ni\u017en\u00e1 Telef\u00f3nne \u010d\u00edslo:\u00a0 043\/5381 264 Internetov\u00e1 adresa: www.zusnizna.sk Elektronick\u00e1 adresa: \u00a0zus@zusnizna.sk <a class=\"mh-excerpt-more\" href=\"https:\/\/www.zusnizna.sk\/?p=2682\" title=\"Spr\u00e1va o v\u00fdchovno-vzdel\u00e1vacej \u010dinnosti Z\u00e1kladnej umeleckej \u0161koly v Ni\u017enej za \u0161kolsk\u00fd rok 2014\/2015\">[&#8230;]<\/a><\/p>\n<\/div>","protected":false},"author":3,"featured_media":1428,"comment_status":"closed","ping_status":"closed","sticky":false,"template":"","format":"standard","meta":[],"categories":[2,3,14,20],"tags":[],"_links":{"self":[{"href":"https:\/\/www.zusnizna.sk\/index.php?rest_route=\/wp\/v2\/posts\/2682"}],"collection":[{"href":"https:\/\/www.zusnizna.sk\/index.php?rest_route=\/wp\/v2\/posts"}],"about":[{"href":"https:\/\/www.zusnizna.sk\/index.php?rest_route=\/wp\/v2\/types\/post"}],"author":[{"embeddable":true,"href":"https:\/\/www.zusnizna.sk\/index.php?rest_route=\/wp\/v2\/users\/3"}],"replies":[{"embeddable":true,"href":"https:\/\/www.zusnizna.sk\/index.php?rest_route=%2Fwp%2Fv2%2Fcomments&post=2682"}],"version-history":[{"count":0,"href":"https:\/\/www.zusnizna.sk\/index.php?rest_route=\/wp\/v2\/posts\/2682\/revisions"}],"wp:featuredmedia":[{"embeddable":true,"href":"https:\/\/www.zusnizna.sk\/index.php?rest_route=\/wp\/v2\/media\/1428"}],"wp:attachment":[{"href":"https:\/\/www.zusnizna.sk\/index.php?rest_route=%2Fwp%2Fv2%2Fmedia&parent=2682"}],"wp:term":[{"taxonomy":"category","embeddable":true,"href":"https:\/\/www.zusnizna.sk\/index.php?rest_route=%2Fwp%2Fv2%2Fcategories&post=2682"},{"taxonomy":"post_tag","embeddable":true,"href":"https:\/\/www.zusnizna.sk\/index.php?rest_route=%2Fwp%2Fv2%2Ftags&post=2682"}],"curies":[{"name":"wp","href":"https:\/\/api.w.org\/{rel}","templated":true}]}}