{"id":2671,"date":"2015-10-20T20:54:08","date_gmt":"2015-10-20T18:54:08","guid":{"rendered":"http:\/\/www.zusnizna.sk\/page\/?p=2671"},"modified":"2015-10-20T20:54:08","modified_gmt":"2015-10-20T18:54:08","slug":"plan-cinnosti-skoly-na-skolsky-rok-20152016","status":"publish","type":"post","link":"https:\/\/www.zusnizna.sk\/?p=2671","title":{"rendered":"Pl\u00e1n \u010dinnosti \u0161koly  na \u0161kolsk\u00fd rok 2015\/2016"},"content":{"rendered":"<h2>\u00a0<strong>I.\u00a0<\/strong><strong>STAV \u0160KOLY A\u00a0ORGANIZ\u00c1CIA\u00a0 \u0160KOLSKEJ\u00a0 PR\u00c1CE<\/strong><\/h2>\n<p>&nbsp;<\/p>\n<p>\u0160kolu na za\u010diatku \u0161kolsk\u00e9ho roka 2015\/2016 nav\u0161tevuje 465 \u017eiakov v\u00a0\u0161tyroch odboroch:<\/p>\n<ul>\n<li>hudobn\u00fd odbor &#8211; HO<\/li>\n<li>v\u00fdtvarn\u00fd odbor &#8211; VO<\/li>\n<li>tane\u010dn\u00fd odbor &#8211; TO<\/li>\n<li>liter\u00e1rno-dramatick\u00fd odbor &#8211; \u00a0LDO<\/li>\n<\/ul>\n<p>&nbsp;<\/p>\n<p>Po\u010det \u017eiakov:<\/p>\n<table>\n<tbody>\n<tr>\n<td width=\"60\"><strong>Odbor<\/strong><\/td>\n<td width=\"177\"><strong>Ro\u010dn\u00edkov\u00ed \u017eiaci<\/strong><\/td>\n<td width=\"177\"><strong>Pr\u00edpravn\u00e9 \u0161t\u00fadium<\/strong><\/td>\n<td width=\"180\"><strong>\u0160t\u00fadium pre dospel\u00fdch<\/strong><\/td>\n<\/tr>\n<tr>\n<td width=\"60\"><strong>HO<\/strong><\/td>\n<td width=\"177\">205<\/td>\n<td width=\"177\">20<\/td>\n<td width=\"180\">&#8211;<\/td>\n<\/tr>\n<tr>\n<td width=\"60\"><strong>VO<\/strong><\/td>\n<td width=\"177\">94<\/td>\n<td width=\"177\">3<\/td>\n<td width=\"180\">&#8211;<\/td>\n<\/tr>\n<tr>\n<td width=\"60\"><strong>TO<\/strong><\/td>\n<td width=\"177\">68<\/td>\n<td width=\"177\">52<\/td>\n<td width=\"180\">&#8211;<\/td>\n<\/tr>\n<tr>\n<td width=\"60\"><strong>LDO<\/strong><\/td>\n<td width=\"177\">18<\/td>\n<td width=\"177\">&#8211;<\/td>\n<td width=\"180\">5<\/td>\n<\/tr>\n<\/tbody>\n<\/table>\n<p>&nbsp;<\/p>\n<p>Na \u0161kole vyu\u010duje 21 intern\u00fdch\u00a0 vyu\u010duj\u00facich, 6 na dohodu o\u00a0vykonan\u00ed pr\u00e1ce a jedna u\u010dite\u013eka je na materskej dovolenke.<\/p>\n<p>&nbsp;<\/p>\n<p>Nepedagogick\u00ed zamestnanci:<\/p>\n<ul>\n<li>1 ekonomick\u00fd pracovn\u00edk,<\/li>\n<li>1 administrat\u00edvny pracovn\u00edk,<\/li>\n<li>1 spr\u00e1vca siete,<\/li>\n<li>2 prev\u00e1dzkov\u00ed pracovn\u00edci so zn\u00ed\u017een\u00fdm \u00fav\u00e4zkom<\/li>\n<\/ul>\n<p>&nbsp;<\/p>\n<p>&nbsp;<\/p>\n<p><strong><em>Vyu\u010dovanie v\u00a0jednotliv\u00fdch odboroch a oddeleniach.<\/em><\/strong><\/p>\n<p><strong><em>\u00a0<\/em><\/strong><\/p>\n<p><strong>Hudobn\u00fd odbor<\/strong>:<\/p>\n<p>Oddelenie kl\u00e1vesov\u00fdch n\u00e1strojov:<\/p>\n<ul>\n<li>Alena Hlavajov\u00e1<\/li>\n<li>Mgr. Eva \u0160imi\u010d\u00e1kov\u00e1<\/li>\n<li>Zuzana \u017duffov\u00e1<\/li>\n<li>Mgr. M\u00e1ria Bist\u00e1rov\u00e1 (ved\u00faca PK)<\/li>\n<li>Elena Ballekov\u00e1<\/li>\n<li>Mgr. Marta Podbielan\u010d\u00edkov\u00e1\/MD\/<\/li>\n<li>Juraj Tomadl\u00edk<\/li>\n<li>Mgr. Katar\u00edna Zubersk\u00e1<\/li>\n<li>Mgr. Tom\u00e1\u0161 Buc<\/li>\n<\/ul>\n<p>&nbsp;<\/p>\n<p>Oddelenie strunov\u00fdch n\u00e1strojov:<\/p>\n<ul>\n<li>Peter Ku\u010dka<\/li>\n<li>Mgr. Bohuslav Kortman<\/li>\n<li>Miroslav \u0160tefan<\/li>\n<li>Magdal\u00e9na Mat\u00fa\u0161ov\u00e1 (ved\u00faca PK)<\/li>\n<li>M\u00e1rio Kubas Dis.art.<\/li>\n<li>Mgr. Zdeno Reguly<\/li>\n<li>David \u0160\u00e1ndor Dis.art.<\/li>\n<li>Mgr. Janka Ku\u010dkov\u00e1<\/li>\n<\/ul>\n<p><strong>\u00a0<\/strong><\/p>\n<p>Oddelenie dychov\u00fdch n\u00e1strojov:<\/p>\n<ul>\n<li>Katar\u00edna \u010eurin\u00edkov\u00e1 (ved\u00faca PK)<\/li>\n<li>Zuzana Such\u00e1nkov\u00e1<\/li>\n<li>Mgr. Zdeno Reguly<\/li>\n<\/ul>\n<p>&nbsp;<\/p>\n<p>Oddelenie spevu:<\/p>\n<ul>\n<li>Mgr.Art. Pavol Ba\u017e\u00edk (ved\u00faci PK)<\/li>\n<li>Henrieta Habl\u00e1kov\u00e1 Dis.art.<\/li>\n<\/ul>\n<p>&nbsp;<\/p>\n<p>Oddelenie hudobnej n\u00e1uky:<\/p>\n<ul>\n<li>Mgr. Eva \u0160imi\u010d\u00e1kov\u00e1<\/li>\n<li>Mgr. Bohuslav Kortman (ved\u00faci PK)<\/li>\n<li>Elena Ballekov\u00e1,<\/li>\n<li>Mgr. Zdeno Reguly<\/li>\n<\/ul>\n<p><strong>\u00a0<\/strong><\/p>\n<p><strong>V\u00fdtvarn\u00fd odbor:<\/strong><\/p>\n<ul>\n<li>Mgr. Barbora Pav\u010dov\u00e1<\/li>\n<li>Bc. Nat\u00e1lia Stasov\u00e1 (ved\u00faca PK)<\/li>\n<\/ul>\n<p><strong>\u00a0<\/strong><\/p>\n<p><strong>Tane\u010dn\u00fd odbor:<\/strong><\/p>\n<ul>\n<li>Mgr. Miroslava Malatinkov\u00e1 (ved\u00faca PK)<\/li>\n<li>\u013dubom\u00edr Jarol\u00edn<\/li>\n<\/ul>\n<p>&nbsp;<\/p>\n<p><strong>Liter\u00e1rno-dramatick\u00fd odbor :<\/strong><\/p>\n<ul>\n<li>Mgr. Zdenka Brozov\u00e1(ved\u00faca PK)<\/li>\n<li>Mgr. Jaroslav Broz<\/li>\n<\/ul>\n<p><strong>\u00a0<\/strong><\/p>\n<p>&nbsp;<\/p>\n<p><strong>V\u00a0tomto \u0161kolskom roku zabezpe\u010duj\u00fa vyu\u010dovanie na elokovan\u00fdch pracovisk\u00e1ch t\u00edto pedag\u00f3govia:<\/strong><\/p>\n<p>&nbsp;<\/p>\n<p><strong>Habovka:\u00a0\u00a0\u00a0\u00a0\u00a0\u00a0\u00a0\u00a0\u00a0\u00a0\u00a0\u00a0 <\/strong><\/p>\n<ul>\n<li>Mgr. Eva \u0160imi\u010d\u00e1kov\u00e1,<\/li>\n<li>Mgr. Marta Podbielan\u010d\u00edkov\u00e1<\/li>\n<li>Mgr. Katar\u00edna Zubersk\u00e1<\/li>\n<li>Mgr. Bohuslav Kortman,<\/li>\n<li>Miroslav \u0160tefan,<\/li>\n<li>David \u0160\u00e1ndor,Dis.art.<\/li>\n<li>Henrieta Habl\u00e1kov\u00e1 Dis.art,<\/li>\n<li>Mgr. Barbora Pav\u010dov\u00e1<\/li>\n<li>Lubom\u00edr Jarol\u00edn<\/li>\n<\/ul>\n<p><strong>Chlebnice: <\/strong><\/p>\n<ul>\n<li>Zuzana \u017duffov\u00e1<\/li>\n<li>Bc.Nat\u00e1lia Stasov\u00e1<\/li>\n<li>Mgr. Zdeno Reguly<\/li>\n<li>Magdal\u00e9na Mat\u00fa\u0161ov\u00e1<\/li>\n<li>Elena Ballekov\u00e1<\/li>\n<\/ul>\n<p><strong>\u00a0 Liesek:<\/strong><\/p>\n<ul>\n<li>Bc. Nat\u00e1lia Stasov\u00e1.<\/li>\n<\/ul>\n<p>&nbsp;<\/p>\n<h2><strong>II.\u00a0<\/strong><strong>\u00daLOHY V\u00a0OBLASTI\u00a0 V\u00ddCHOVNO-VZDEL\u00c1VACIEHO PROCESU<\/strong><\/h2>\n<p>&nbsp;<\/p>\n<ol>\n<li style=\"text-align: justify;\">Ako \u0161kola s\u00a0pr\u00e1vnou subjektivitou zamera\u0165 svoju \u010dinnos\u0165 v\u00a0\u0161kolskom roku 2015\/2016 na skvalit\u0148ovanie \u010dinnosti vo v\u0161etk\u00fdch oblastiach v\u00fdchovno-vzdel\u00e1vacej, prev\u00e1dzkovej a\u00a0riadiacej \u010dinnosti a\u00a0postupova\u0165 pod\u013ea vyhl\u00e1\u0161ky M\u0160MaTK SR \u010d.245\/2008 Z.z. o\u00a0v\u00fdchove a\u00a0vzdel\u00e1van\u00ed na z\u00e1kladn\u00fdch umeleck\u00fdch \u0161kol\u00e1ch a v\u00a0s\u00falade s\u00a0pedagogicko \u2013 organiza\u010dn\u00fdmi pokynmi M\u0160 SR na \u0161kol.rok 2015\/2016.<\/li>\n<li style=\"text-align: justify;\">Prostredn\u00edctvom hospit\u00e1ci\u00ed spolupracova\u0165 s\u00a0jednotliv\u00fdmi u\u010dite\u013emi pri pr\u00edprave na vyu\u010dovanie, tvorbe tematick\u00fdch pl\u00e1nov, pri\u010dom kl\u00e1s\u0165 nemal\u00fd d\u00f4raz na primeranos\u0165 a n\u00e1v\u00e4znos\u0165 u\u010diva v\u00a0jednotliv\u00fdch ro\u010dn\u00edkoch a mieru nadania \u017eiakov.<\/li>\n<li style=\"text-align: justify;\">Pri kontrolnej a\u00a0hospita\u010dnej \u010dinnosti sa zamera\u0165 na pomoc u\u010dite\u013eom , kontrolou primeranosti za\u0165a\u017eenia \u017eiakov vhodn\u00fdm v\u00fdberom reperto\u00e1ru v\u00a0HO, na vyu\u017e\u00edvanie v\u0161etk\u00fdch dostupn\u00fdch mo\u017enost\u00ed met\u00f3d a\u00a0foriem pr\u00e1ce s\u00a0de\u0165mi vo VO a\u00a0na dodr\u017eiavanie \u010dasovo-tematick\u00fdch pl\u00e1nov v\u00a0TO.<\/li>\n<li style=\"text-align: justify;\">Dba\u0165 na metodick\u00fa a odborn\u00fa pripravenos\u0165 vyu\u010duj\u00facich \u00fa\u010das\u0165ou na metodick\u00fdch d\u0148och poriadan\u00fdch pr\u00edslu\u0161n\u00fdmi umeleck\u00fdmi \u0161kolami, \u00fa\u010das\u0165ou na s\u00fa\u0165a\u017eiach ka\u017ed\u00e9ho typu a tie\u017e akt\u00edvnou pr\u00e1cou v\u00a0PK.<\/li>\n<li style=\"text-align: justify;\">Talentovan\u00fdch \u017eiakov vies\u0165 pr\u00edpravou na \u0161t\u00fadium na stredn\u00fdch odborn\u00fdch \u0161kol\u00e1ch a konzervat\u00f3ri\u00e1ch.<\/li>\n<li style=\"text-align: justify;\">Dba\u0165 na nepre\u0165a\u017eovanie \u017eiakov vhodnou \u00fapravou rozvrhu hod\u00edn, pri\u010dom treba re\u0161pektova\u0165 \u010fal\u0161ie z\u00e1ujmov\u00e9 \u010dinnosti \u017eiakov.<\/li>\n<li style=\"text-align: justify;\">Najlep\u0161\u00edch \u017eiakov I. stup\u0148a doporu\u010di\u0165 na pokra\u010dovanie \u0161t\u00fadia na II.stupni.<\/li>\n<li style=\"text-align: justify;\">Dba\u0165 prostredn\u00edctvom akt\u00edvnej \u00fa\u010dasti \u017eiakov na pr\u00edtomnos\u0165 \u0161koly na r\u00f4znych mimo\u0161kolsk\u00fdch akci\u00e1ch:\n<ol style=\"list-style-type: lower-alpha;\">\n<li>\u0161kolsk\u00fdch a verejn\u00fdch koncertoch<\/li>\n<li>s\u00fa\u0165a\u017eiach, v\u00fdstav\u00e1ch, festivaloch a prehliadkach<\/li>\n<li>na kult\u00farnych podujatiach obce a okresu<\/li>\n<li>na v\u00fdchovn\u00fdch koncertoch pre M\u0160 a Z\u0160.<\/li>\n<\/ol>\n<\/li>\n<li style=\"text-align: justify;\">V\u00a0\u00fazkej spolupr\u00e1ci s\u00a0Oc\u00da v Ni\u017enej (kult\u00farnou komisiou) zabezpe\u010dova\u0165 podujatia presahuj\u00face r\u00e1mec okresu.<\/li>\n<li style=\"text-align: justify;\">V\u00a0spolupr\u00e1ci so ZU\u0160 Ivana Ballu v\u00a0Dolnom Kub\u00edne usporiada\u0165 17. ro\u010dn\u00edk celoslovenskej s\u00fa\u0165a\u017ee \u201eHus\u013eov\u00e9 talenty\u201c v\u00a0r\u00e1mci 21. ro\u010dn\u00edka Festivalu Ivana Ballu.<\/li>\n<li style=\"text-align: justify;\">Usporiada\u0165 14. ro\u010dn\u00edk n\u00e1rodnej s\u00fa\u0165a\u017ee v\u00a0hre na zobcovej flaute a\u00a0dreven\u00fdch\u00a0 dychov\u00fdch\u00a0 n\u00e1strojoch\u00a0 \u201e\u010carovn\u00e1 flauta\u201c.<\/li>\n<\/ol>\n<p>&nbsp;<\/p>\n<p>&nbsp;<\/p>\n<h2><strong>III.\u00a0<\/strong><strong>\u010cASOV\u00dd\u00a0 HARMONOGRAM<\/strong><\/h2>\n<p>&nbsp;<\/p>\n<table width=\"651\">\n<tbody>\n<tr>\n<td rowspan=\"2\" width=\"34\"><strong>1.<\/strong><\/td>\n<td rowspan=\"2\" width=\"316\">\u010cestn\u00e9\u00a0pomenovanie \u0161koly na<\/p>\n<p><strong>ZU\u0160 Vendel\u00edna Habov\u0161tiaka, Ni\u017en\u00e1<\/strong><\/td>\n<td width=\"30\">T:<\/td>\n<td width=\"271\">\u0160k. Rok 2015\/2016<\/td>\n<\/tr>\n<tr>\n<td width=\"30\">Z:<\/td>\n<td width=\"271\">riadite\u013e \u0161koly<\/td>\n<\/tr>\n<tr>\n<td rowspan=\"2\" width=\"34\"><strong>2.<\/strong><\/td>\n<td rowspan=\"2\" width=\"316\">Vypracova\u0165 rozvrhy hod\u00edn, tematick\u00e9 pl\u00e1ny, triedne p\u00edsomnosti, zoznamy \u017eiakov<\/td>\n<td width=\"30\">T:<\/td>\n<td width=\"271\">9.september<\/td>\n<\/tr>\n<tr>\n<td width=\"30\">Z:<\/td>\n<td width=\"271\">vyu\u010duj\u00faci<\/td>\n<\/tr>\n<tr>\n<td rowspan=\"2\" width=\"34\"><strong>3.<\/strong><\/td>\n<td rowspan=\"2\" width=\"316\">Zabezpe\u010di\u0165 kult\u00farne programy pre d\u00f4chodcov<\/td>\n<td width=\"30\">T:<\/td>\n<td width=\"271\">8. a 25. okt\u00f3ber, 15. november<\/td>\n<\/tr>\n<tr>\n<td width=\"30\">Z:<\/td>\n<td width=\"271\">vyu\u010duj\u00faci<\/td>\n<\/tr>\n<tr>\n<td rowspan=\"2\" width=\"34\"><strong>4.<\/strong><\/td>\n<td rowspan=\"2\" width=\"316\">Pripravi\u0165 divadeln\u00e9 predstavenie LDO v s\u00e1le DK v Ni\u017enej<\/td>\n<td width=\"30\">T:<\/td>\n<td width=\"271\">m\u00e1j<\/td>\n<\/tr>\n<tr>\n<td width=\"30\">Z:<\/td>\n<td width=\"271\">vyu\u010duj\u00faci LDO<\/td>\n<\/tr>\n<tr>\n<td rowspan=\"2\" width=\"34\"><strong>5.<\/strong><\/td>\n<td rowspan=\"2\" width=\"316\">V\u00fdchovn\u00e9 koncerty pre Z\u0160 s M\u0160 v Ni\u017enej a v Z\u0160 v Habovke a Chlebniciach<\/td>\n<td width=\"30\">T:<\/td>\n<td width=\"271\">december, m\u00e1j, j\u00fan<\/td>\n<\/tr>\n<tr>\n<td width=\"30\">Z:<\/td>\n<td width=\"271\">v\u0161etci vyu\u010duj\u00faci<\/td>\n<\/tr>\n<tr>\n<td rowspan=\"2\" width=\"34\"><strong>6.<\/strong><\/td>\n<td rowspan=\"2\" width=\"316\">Triedne prehr\u00e1vky \u017eiakov spojen\u00e9 s triednymi zdru\u017eeniami rodi\u010dov<\/td>\n<td width=\"30\">T:<\/td>\n<td width=\"271\">november &#8211; febru\u00e1r<\/td>\n<\/tr>\n<tr>\n<td width=\"30\">Z:<\/td>\n<td width=\"271\">v\u0161etci vyu\u010duj\u00faci<\/td>\n<\/tr>\n<tr>\n<td rowspan=\"2\" width=\"34\"><strong>7.<\/strong><\/td>\n<td rowspan=\"2\" width=\"316\">V\u00fdstavy pr\u00e1c \u017eiakov VO v priestoroch \u0161koly<\/td>\n<td width=\"30\">T:<\/td>\n<td width=\"271\">cel\u00fd rok<\/td>\n<\/tr>\n<tr>\n<td width=\"30\">Z:<\/td>\n<td width=\"271\">vyu\u010duj\u00faci VO<\/td>\n<\/tr>\n<tr>\n<td rowspan=\"2\" width=\"34\"><strong>8.<\/strong><\/td>\n<td rowspan=\"2\" width=\"316\">Viano\u010dn\u00fd \u017eiacky koncert<\/td>\n<td width=\"30\">T:<\/td>\n<td width=\"271\">20. december<\/td>\n<\/tr>\n<tr>\n<td width=\"30\">Z:<\/td>\n<td width=\"271\">v\u0161etci vyu\u010duj\u00faci<\/td>\n<\/tr>\n<tr>\n<td rowspan=\"2\" width=\"34\"><strong>9.<\/strong><\/td>\n<td rowspan=\"2\" width=\"316\">Spolo\u010dn\u00e9 koncerty komorn\u00e9ho orchestra fl\u00e1ut a husl\u00ed<\/td>\n<td width=\"30\">T:<\/td>\n<td width=\"271\">celoro\u010dne<\/td>\n<\/tr>\n<tr>\n<td width=\"30\">Z:<\/td>\n<td width=\"271\">R\u0160<\/td>\n<\/tr>\n<tr>\n<td rowspan=\"2\" width=\"34\"><strong>10.<\/strong><\/td>\n<td rowspan=\"2\" width=\"316\">Umeleck\u00fd ples ZU\u0160<\/td>\n<td width=\"30\">T:<\/td>\n<td width=\"271\">6. febru\u00e1r<\/td>\n<\/tr>\n<tr>\n<td width=\"30\">Z:<\/td>\n<td width=\"271\">kolekt\u00edv ZU\u0160 v spolupr\u00e1ci s Oc\u00da Ni\u017en\u00e1<\/td>\n<\/tr>\n<tr>\n<td rowspan=\"2\" width=\"34\"><strong>11.<\/strong><\/td>\n<td rowspan=\"2\" width=\"316\">Verejn\u00e9 koncerty \u017eiakov<\/td>\n<td width=\"30\">T:<\/td>\n<td width=\"271\">okt\u00f3ber, november, febru\u00e1r, m\u00e1j<\/td>\n<\/tr>\n<tr>\n<td width=\"30\">Z:<\/td>\n<td width=\"271\">Vyu\u010duj\u00faci, R\u0160<\/td>\n<\/tr>\n<tr>\n<td rowspan=\"2\" width=\"34\"><strong>12.<\/strong><\/td>\n<td rowspan=\"2\" width=\"316\">S\u00fa\u0165a\u017ee \u017eiakov hudobn\u00e9ho odboru<\/td>\n<td width=\"30\">T:<\/td>\n<td width=\"271\">pod\u013ea rozpisu podujat\u00ed<\/td>\n<\/tr>\n<tr>\n<td width=\"30\">Z:<\/td>\n<td width=\"271\">vyu\u010duj\u00faci, R\u0160<\/td>\n<\/tr>\n<tr>\n<td rowspan=\"2\" width=\"34\"><strong>13.<\/strong><\/td>\n<td rowspan=\"2\" width=\"316\">S\u00fa\u0165a\u017ee a v\u00fdstavy \u017eiakov v\u00fdtvarn\u00e9ho odboru<\/td>\n<td width=\"30\">T:<\/td>\n<td width=\"271\">pod\u013ea rozpisu podujat\u00ed<\/td>\n<\/tr>\n<tr>\n<td width=\"30\">Z:<\/td>\n<td width=\"271\">Vyu\u010duj\u00faci VO, R\u0160<\/td>\n<\/tr>\n<tr>\n<td rowspan=\"2\" width=\"34\"><strong>14.<\/strong><\/td>\n<td rowspan=\"2\" width=\"316\">Absolventsk\u00e9 prehr\u00e1vky, koncerty a sk\u00fa\u0161ky<\/td>\n<td width=\"30\">T:<\/td>\n<td width=\"271\">marec &#8211; m\u00e1j<\/td>\n<\/tr>\n<tr>\n<td width=\"30\">Z:<\/td>\n<td width=\"271\">vyu\u010duj\u00faci HO,VO, TO<\/td>\n<\/tr>\n<tr>\n<td rowspan=\"2\" width=\"34\"><strong>15.<\/strong><\/td>\n<td rowspan=\"2\" width=\"316\">Ni\u017enianske minisynkopy &#8211; 8. ro\u010dn\u00edk prehliadky spev\u00e1ckych talentov<\/td>\n<td width=\"30\">T:<\/td>\n<td width=\"271\">10. apr\u00edl<\/td>\n<\/tr>\n<tr>\n<td width=\"30\">Z:<\/td>\n<td width=\"271\">vyu\u010duj\u00faci<\/td>\n<\/tr>\n<tr>\n<td rowspan=\"2\" width=\"34\"><strong>16.<\/strong><\/td>\n<td rowspan=\"2\" width=\"316\">\u00da\u010das\u0165 \u013dH Ostrvka na festivale eur\u00f3pskej hudobnej ml\u00e1de\u017ee\u00a0 v San Sebasti\u00e1ne (\u0160panielsko)<\/td>\n<td width=\"30\">T:<\/td>\n<td width=\"271\">3. &#8211; 8. m\u00e1j<\/td>\n<\/tr>\n<tr>\n<td width=\"30\">Z:<\/td>\n<td width=\"271\">vyu\u010duj\u00faci<\/td>\n<\/tr>\n<tr>\n<td rowspan=\"2\" width=\"34\"><strong>17.<\/strong><\/td>\n<td rowspan=\"2\" width=\"316\">Prezent\u00e1cia v\u0161etk\u00fdch odborov ZU\u0160 v Ni\u017enej na \u201e Dni otvoren\u00fdch dver\u00ed \u201e<\/td>\n<td width=\"30\">T:<\/td>\n<td width=\"271\">19. j\u00fan<\/td>\n<\/tr>\n<tr>\n<td width=\"30\">Z:<\/td>\n<td width=\"271\">v\u0161etci vyu\u010duj\u00faci<\/td>\n<\/tr>\n<tr>\n<td rowspan=\"2\" width=\"34\"><strong>18.<\/strong><\/td>\n<td rowspan=\"2\" width=\"316\">Prij\u00edmacie sk\u00fa\u0161ky do PHV, PVO, PTO, PLDO<\/td>\n<td width=\"30\">T:<\/td>\n<td width=\"271\">j\u00fan<\/td>\n<\/tr>\n<tr>\n<td width=\"30\">Z:<\/td>\n<td width=\"271\">R\u0160, ZR\u0160<\/td>\n<\/tr>\n<\/tbody>\n<\/table>\n<p>&nbsp;<\/p>\n<h2><strong>IV.\u00a0<\/strong><strong>PL\u00c1N PEDAGOGICK\u00ddCH A PRACOVN\u00ddCH POR\u00c1D<\/strong><\/h2>\n<p>&nbsp;<\/p>\n<ol>\n<li><strong>Klasifika\u010dn\u00e9 porady:<\/strong><\/li>\n<\/ol>\n<ul>\n<li>01. 2016<\/li>\n<li>06. 2016<\/li>\n<\/ul>\n<ol start=\"2\">\n<li><strong>Pedagogick\u00e9 rady:<\/strong><\/li>\n<\/ol>\n<ul>\n<li>08.2015 &#8211; pokyny k\u00a0za\u010diatku \u0161kolsk\u00e9ho roka, predbe\u017en\u00e9 \u00fav\u00e4zky.<\/li>\n<li>11.2015 &#8211; hodnotenie v\u00fdchovno-vyu\u010dovac\u00edch v\u00fdsledkov za 1.\u0161tvr\u0165rok<\/li>\n<li>19.02016 &#8211; hodnotenie v\u00fdchovno-vyu\u010dovac\u00edch v\u00fdsledkov za 3.\u0161tvr\u0165rok<\/li>\n<li>06.2016 &#8211; vyhodnotenie v\u00fdsledkov za \u0161kol.rok 2015\/2016<\/li>\n<\/ul>\n<ol start=\"3\">\n<li><strong>Pracovn\u00e9 porady: <\/strong><\/li>\n<\/ol>\n<p>Raz mesa\u010dne, v\u00a0pr\u00edpade potreby aj \u010dastej\u0161ie.<\/p>\n<p>Program pracovn\u00fdch por\u00e1d:<\/p>\n<ul>\n<li>kontrola plnenia \u00faloh z\u00a0predch\u00e1dzaj\u00faceho obdobia,<\/li>\n<li>\u00falohy na nasleduj\u00face obdobie,<\/li>\n<li>organiza\u010dn\u00e9 a pracovn\u00e9 ot\u00e1zky.<\/li>\n<\/ul>\n<h2><strong>V.\u00a0<\/strong><strong>\u010cINNOS\u0164\u00a0 PREDMETOV\u00ddCH\u00a0 KOMISI\u00cd,\u00a0<\/strong><strong>PR\u00c1CA UMELECKEJ\u00a0 RADY<\/strong><\/h2>\n<p><strong>Predmetov\u00e1 komisia oddelenia kl\u00e1vesov\u00fdch n\u00e1strojov<\/strong><\/p>\n<p><em>Ved\u00faca PK: \u00a0\u00a0 <\/em><strong>Mgr. M\u00e1ria Bist\u00e1rov\u00e1<\/strong><\/p>\n<p><em>\u010clenovia: <\/em><\/p>\n<ul>\n<li>Alena Hlavajov\u00e1<\/li>\n<li>Zuzana \u017duffov\u00e1<\/li>\n<li>Mgr. Eva \u0160imi\u010d\u00e1kov\u00e1<\/li>\n<li>Mgr. Katar\u00edna Zubersk\u00e1<\/li>\n<li>Juraj Tomadl\u00edk<\/li>\n<li>Mgr. Tom\u00e1\u0161 Buc<\/li>\n<li>Elena Ballekov\u00e1<\/li>\n<li>Mgr. Marta Podbielan\u010d\u00edkov\u00e1<\/li>\n<\/ul>\n<p>&nbsp;<\/p>\n<p><strong>Predmetov\u00e1 komisia oddelenia strunov\u00fdch n\u00e1strojov<\/strong><\/p>\n<p><em>Ved\u00faca PK: \u00a0\u00a0 <\/em><strong>Magdal\u00e9na Mat\u00fa\u0161ov\u00e1<\/strong><\/p>\n<p><em>\u010clenovia: \u00a0 \u00a0<\/em><\/p>\n<ul>\n<li>Miroslav \u0160tefan<\/li>\n<li>Mgr. Bohuslav Kortman<\/li>\n<li>Peter Ku\u010dka<\/li>\n<li>Mgr. Zdeno Reguly<\/li>\n<li>M\u00e1rio Kubas,Dis.art.<\/li>\n<li>David \u0160\u00e1ndor Dis.art.<\/li>\n<li>Mgr. Janka Ku\u010dkov\u00e1<\/li>\n<\/ul>\n<p>&nbsp;<\/p>\n<p><strong>Predmetov\u00e1 komisia oddelenia dychov\u00fdch n\u00e1strojov a spevu<\/strong><\/p>\n<p><em>Ved\u00faca PK:<\/em> \u00a0\u00a0 <strong>Katar\u00edna \u010eurinn\u00edkov\u00e1<\/strong><\/p>\n<p><em>\u010clenovia:<\/em><\/p>\n<ul>\n<li>Zuzana Such\u00e1nkov\u00e1<\/li>\n<li>Mgr.Zdeno Reguly<\/li>\n<li>Mgr.Art.Pavol Ba\u017e\u00edk<\/li>\n<li>Henrieta Habl\u00e1kov\u00e1 Dis.art.<\/li>\n<\/ul>\n<p>&nbsp;<\/p>\n<p><strong>Predmetov\u00e1 komisia\u00a0 oddelenia kolekt\u00edvnych predmetov hudobnej n\u00e1uky<\/strong><\/p>\n<p><em>Ved\u00faci PK:<\/em>\u00a0 \u00a0\u00a0 <strong>Mgr. Bohuslav Kortman<\/strong><\/p>\n<p><em>\u010clenovia: <\/em><\/p>\n<ul>\n<li>Mgr. Eva \u0160imi\u010d\u00e1kov\u00e1<\/li>\n<li>Elena Ballekov\u00e1<\/li>\n<li>Mgr.Zdeno Reguly<\/li>\n<\/ul>\n<p><strong>\u00a0<\/strong><\/p>\n<p><strong>Predmetov\u00e1 komisia tane\u010dn\u00e9ho,v\u00fdtvarn\u00e9ho a\u00a0liter\u00e1rno-dramatick\u00e9ho odboru<\/strong><\/p>\n<p><em>Ved\u00faca PK:<\/em> <strong>Mgr.Miroslava Malatinkov\u00e1<\/strong><\/p>\n<p><em>\u010clenovia:<\/em><\/p>\n<ul>\n<li>Mgr. Barbora Pav\u010dov\u00e1<\/li>\n<li>\u013dubom\u00edr Jarol\u00edn,<\/li>\n<li>Bc. Nat\u00e1lia Stasov\u00e1<\/li>\n<li>Mgr. Zdenka Brozov\u00e1<\/li>\n<li>Mgr. Jaroslav Broz<\/li>\n<\/ul>\n<p style=\"text-align: justify;\"><strong>\u00a0\u00a0<\/strong>Ved\u00faci PK vypracuj\u00fa pl\u00e1ny pr\u00e1ce PK s\u00a0vyt\u00fd\u010den\u00edm jednej hlavnej \u00falohy, ktor\u00e1 bude nosn\u00fdm\u00a0bodom programu pr\u00e1ce celej komisie po\u010das nast\u00e1vaj\u00faceho \u0161kolsk\u00e9ho roka.\u00a0Pr\u00e1cu umeleckej rady zamera\u0165 na v\u00fdber \u017eiakov a\u00a0kone\u010dn\u00e9 rozhodnutie o\u00a0\u00fa\u010dasti na verejn\u00fdch koncertoch, s\u00fa\u0165a\u017eiach, zabezpe\u010dovanie absolventsk\u00fdch prehr\u00e1vok, koncertov a\u00a0absolventsk\u00fdch sk\u00fa\u0161ok. \u010ealej akceptova\u0165 rozhodnutie UR o\u00a0prij\u00edman\u00ed \u017eiakov z\u00a0P\u0160\u00a0 pr\u00edpadne o\u00a0neprospievan\u00ed\u00a0\u017eiakov.<\/p>\n<p><strong>\u00a0<\/strong><\/p>\n<h2><strong>VI.\u00a0<\/strong><strong>SPOLUPR\u00c1CA\u00a0 S\u00a0 RODI\u010cMI<\/strong><\/h2>\n<ol>\n<li style=\"text-align: justify;\">V\u00a0r\u00e1mci triednych prehr\u00e1vok pripravi\u0165 triedne rodi\u010dovsk\u00e9 zdru\u017eenia, na ktor\u00fdch vyu\u010duj\u00faci obozn\u00e1mi rodi\u010dov s\u00a0v\u00fdchovno-vyu\u010dovac\u00edmi v\u00fdsledkami \u017eiakov za uplynul\u00e9 obdobie, rie\u0161i vzniknut\u00e9 probl\u00e9my vo vz\u0165ahu k\u00a0\u017eiakom.Informova\u0165 o\u00a0mo\u017enosti pomoci rodi\u010dov \u0161kole poskytnut\u00edm 2% z\u00a0dane.<\/li>\n<li style=\"text-align: justify;\">Na stretnut\u00ed s\u00a0rodi\u010dmi na plen\u00e1rnej sch\u00f4dzi RZ riadite\u013e \u0161koly pod\u00e1 podrobn\u00fa spr\u00e1vu o \u010dinnosti \u0161koly za uplynul\u00e9 obdobie, spr\u00e1vu o hospod\u00e1ren\u00ed s\u00a0finan\u010dn\u00fdmi prostriedkami rodi\u010dov, o v\u00fdchovno-vyu\u010dovac\u00edch v\u00fdsledkoch.<\/li>\n<li style=\"text-align: justify;\">Starostlivos\u0165 o materi\u00e1lne vybavenie \u0161koly \u2013 pomoc rodi\u010dov pri organizovan\u00ed akci\u00ed poriadan\u00fdch \u0161kolou.<\/li>\n<\/ol>\n<p>&nbsp;<\/p>\n<p>&nbsp;<\/p>\n<h2><strong>VII.\u00a0<\/strong><strong>SPOUPR\u00c1CA\u00a0 S\u00a0OBCOU<\/strong><\/h2>\n<p style=\"text-align: justify;\"><strong>\u00a0<\/strong>Spolupracova\u0165 s\u00a0obecn\u00fdm zastupite\u013estvom a\u00a0starostom obce, ako zria\u010fovate\u013eom \u0161koly, pri rie\u0161en\u00ed probl\u00e9mov vypl\u00fdvaj\u00facich z\u00a0organiz\u00e1cie pr\u00e1ce, financovania a\u00a0poriadania \u0161kolsk\u00fdch akci\u00ed.\u00a0Dorie\u0161i\u0165 probl\u00e9m odhlu\u010dnenia v novovybudovan\u00fdch triedach a triede hudobnej n\u00e1uky.<\/p>\n<p>&nbsp;<\/p>\n<p>&nbsp;<\/p>\n<p>V\u00a0Ni\u017enej, 20. 9. 2015<\/p>\n<p>Peter Ku\u010dka,\u00a0<span style=\"line-height: 1.5;\">riadite\u013e ZU\u0160 Ni\u017en\u00e1<\/span><\/p>\n<p><strong><br \/>\n<\/strong><\/p>\n","protected":false},"excerpt":{"rendered":"<div class=\"mh-excerpt\"><p>\u00a0I.\u00a0STAV \u0160KOLY A\u00a0ORGANIZ\u00c1CIA\u00a0 \u0160KOLSKEJ\u00a0 PR\u00c1CE &nbsp; \u0160kolu na za\u010diatku \u0161kolsk\u00e9ho roka 2015\/2016 nav\u0161tevuje 465 \u017eiakov v\u00a0\u0161tyroch odboroch: hudobn\u00fd odbor &#8211; HO v\u00fdtvarn\u00fd odbor &#8211; VO <a class=\"mh-excerpt-more\" href=\"https:\/\/www.zusnizna.sk\/?p=2671\" title=\"Pl\u00e1n \u010dinnosti \u0161koly  na \u0161kolsk\u00fd rok 2015\/2016\">[&#8230;]<\/a><\/p>\n<\/div>","protected":false},"author":3,"featured_media":1428,"comment_status":"open","ping_status":"open","sticky":false,"template":"","format":"standard","meta":[],"categories":[2,3,8,14,20],"tags":[],"_links":{"self":[{"href":"https:\/\/www.zusnizna.sk\/index.php?rest_route=\/wp\/v2\/posts\/2671"}],"collection":[{"href":"https:\/\/www.zusnizna.sk\/index.php?rest_route=\/wp\/v2\/posts"}],"about":[{"href":"https:\/\/www.zusnizna.sk\/index.php?rest_route=\/wp\/v2\/types\/post"}],"author":[{"embeddable":true,"href":"https:\/\/www.zusnizna.sk\/index.php?rest_route=\/wp\/v2\/users\/3"}],"replies":[{"embeddable":true,"href":"https:\/\/www.zusnizna.sk\/index.php?rest_route=%2Fwp%2Fv2%2Fcomments&post=2671"}],"version-history":[{"count":0,"href":"https:\/\/www.zusnizna.sk\/index.php?rest_route=\/wp\/v2\/posts\/2671\/revisions"}],"wp:featuredmedia":[{"embeddable":true,"href":"https:\/\/www.zusnizna.sk\/index.php?rest_route=\/wp\/v2\/media\/1428"}],"wp:attachment":[{"href":"https:\/\/www.zusnizna.sk\/index.php?rest_route=%2Fwp%2Fv2%2Fmedia&parent=2671"}],"wp:term":[{"taxonomy":"category","embeddable":true,"href":"https:\/\/www.zusnizna.sk\/index.php?rest_route=%2Fwp%2Fv2%2Fcategories&post=2671"},{"taxonomy":"post_tag","embeddable":true,"href":"https:\/\/www.zusnizna.sk\/index.php?rest_route=%2Fwp%2Fv2%2Ftags&post=2671"}],"curies":[{"name":"wp","href":"https:\/\/api.w.org\/{rel}","templated":true}]}}