{"id":2589,"date":"2015-06-10T08:05:28","date_gmt":"2015-06-10T06:05:28","guid":{"rendered":"http:\/\/www.zusnizna.sk\/page\/?p=2589"},"modified":"2017-06-14T01:05:48","modified_gmt":"2017-06-13T23:05:48","slug":"festival-akordeonistov","status":"publish","type":"post","link":"https:\/\/www.zusnizna.sk\/?p=2589","title":{"rendered":"Festival akordeonistov"},"content":{"rendered":"<div style=\"text-align: justify;\">\n<p>&nbsp;<\/p>\n<p>&nbsp;<\/p>\n<p>&nbsp;<\/p>\n<p>4. &#8211; 5. j\u00fana 2015 sa v Rajeck\u00fdch Tepliciach konal XIV. Medzin\u00e1rodn\u00fd festival EUROMUSETTE &#8211; GOLDENTANGO mlad\u00fdch akordeonistov, venovan\u00fd pamiatke MICHAELA GANIANA IN MEMORIAM.<\/p>\n<\/div>\n<div style=\"text-align: justify;\">\u00a0 \u00a0 \u00a0 \u00a0 \u00a0 \u00a0 U\u017e ka\u017edoro\u010dne sa tejto s\u00fa\u0165a\u017ee z\u00fa\u010dast\u0148uje mno\u017estvo akordeonistov z cel\u00e9ho Slovenska, ba aj zo zahrani\u010dia.Tento rok si na tejto s\u00fa\u0165a\u017ei &#8220;zmerala sily&#8221; aj na\u0161a \u017eia\u010dka 4.ro\u010dn\u00edka v hre na akorde\u00f3ne \u00a0Simona Huben\u00e1, a to s tridsiatimi s\u00fa\u0165a\u017eiacimi v 1. kateg\u00f3rii, kde z\u00edskala bronzov\u00e9 p\u00e1smo.<\/div>\n<div style=\"text-align: justify;\">\u00a0 \u00a0 \u00a0 \u00a0 \u00a0 \u00a0 Touto cestou Simonke srde\u010dne blaho\u017eel\u00e1me a prajeme jej ve\u013ea \u00faspechov v \u010fal\u0161om \u0161t\u00fadiu v hre na akorde\u00f3ne.<\/div>\n<div style=\"text-align: right;\">Elena Ballekov\u00e1<\/div>\n<div style=\"text-align: right;\">\n\n<\/div>\n<p>&nbsp;<\/p>\n<h2><strong>Simona Huben\u00e1\u00a0 a jej \u00faspechy na s\u00fa\u0165a\u017eiach:<\/strong><\/h2>\n<p><strong>\u0160k. rok 2010\/2011<\/strong><\/p>\n<ul>\n<li>3. miesto, Biela Orava v\u00a0N\u00e1mestove<\/li>\n<li>1. miesto v zlatom p\u00e1sme a zlat\u00fd poh\u00e1r v Rajeck\u00fdch Tepliciach<\/li>\n<\/ul>\n<p><strong>\u0160k. rok 2011\/2012\u00a0\u00a0\u00a0\u00a0\u00a0\u00a0\u00a0 <\/strong><\/p>\n<ul>\n<li>zlat\u00e9 p\u00e1smo v Rajeck\u00fdch Tepliciach<\/li>\n<\/ul>\n<p><strong>\u0160k. rok 2014\/2015\u00a0\u00a0\u00a0\u00a0\u00a0\u00a0\u00a0 <\/strong><\/p>\n<ul>\n<li>3. miesto, Biela Orava v\u00a0N\u00e1mestove<\/li>\n<li>bronzov\u00e9 p\u00e1smo v Rajeck\u00fdch Tepliciach<\/li>\n<\/ul>\n","protected":false},"excerpt":{"rendered":"<div class=\"mh-excerpt\"><p>&nbsp; &nbsp; &nbsp; 4. &#8211; 5. j\u00fana 2015 sa v Rajeck\u00fdch Tepliciach konal XIV. Medzin\u00e1rodn\u00fd festival EUROMUSETTE &#8211; GOLDENTANGO mlad\u00fdch akordeonistov, venovan\u00fd pamiatke MICHAELA GANIANA <a class=\"mh-excerpt-more\" href=\"https:\/\/www.zusnizna.sk\/?p=2589\" title=\"Festival akordeonistov\">[&#8230;]<\/a><\/p>\n<\/div>","protected":false},"author":3,"featured_media":2621,"comment_status":"open","ping_status":"open","sticky":false,"template":"","format":"standard","meta":[],"categories":[2,15],"tags":[],"_links":{"self":[{"href":"https:\/\/www.zusnizna.sk\/index.php?rest_route=\/wp\/v2\/posts\/2589"}],"collection":[{"href":"https:\/\/www.zusnizna.sk\/index.php?rest_route=\/wp\/v2\/posts"}],"about":[{"href":"https:\/\/www.zusnizna.sk\/index.php?rest_route=\/wp\/v2\/types\/post"}],"author":[{"embeddable":true,"href":"https:\/\/www.zusnizna.sk\/index.php?rest_route=\/wp\/v2\/users\/3"}],"replies":[{"embeddable":true,"href":"https:\/\/www.zusnizna.sk\/index.php?rest_route=%2Fwp%2Fv2%2Fcomments&post=2589"}],"version-history":[{"count":1,"href":"https:\/\/www.zusnizna.sk\/index.php?rest_route=\/wp\/v2\/posts\/2589\/revisions"}],"predecessor-version":[{"id":3127,"href":"https:\/\/www.zusnizna.sk\/index.php?rest_route=\/wp\/v2\/posts\/2589\/revisions\/3127"}],"wp:featuredmedia":[{"embeddable":true,"href":"https:\/\/www.zusnizna.sk\/index.php?rest_route=\/"}],"wp:attachment":[{"href":"https:\/\/www.zusnizna.sk\/index.php?rest_route=%2Fwp%2Fv2%2Fmedia&parent=2589"}],"wp:term":[{"taxonomy":"category","embeddable":true,"href":"https:\/\/www.zusnizna.sk\/index.php?rest_route=%2Fwp%2Fv2%2Fcategories&post=2589"},{"taxonomy":"post_tag","embeddable":true,"href":"https:\/\/www.zusnizna.sk\/index.php?rest_route=%2Fwp%2Fv2%2Ftags&post=2589"}],"curies":[{"name":"wp","href":"https:\/\/api.w.org\/{rel}","templated":true}]}}