{"id":2090,"date":"2013-10-15T10:30:39","date_gmt":"2013-10-15T08:30:39","guid":{"rendered":"http:\/\/www.zusnizna.sk\/page\/?p=2090"},"modified":"2013-10-15T10:30:39","modified_gmt":"2013-10-15T08:30:39","slug":"sprava-o-vychovno-vzdelavacej-cinnosti-zakladnej-umeleckej-skoly-nizna-za-skolsky-rok-20122013","status":"publish","type":"post","link":"https:\/\/www.zusnizna.sk\/?p=2090","title":{"rendered":"Spr\u00e1va o v\u00fdchovno-vzdel\u00e1vacej \u010dinnosti Z\u00e1kladnej umeleckej \u0161koly Ni\u017en\u00e1 za \u0161kolsk\u00fd rok 2012\/2013"},"content":{"rendered":"<div>\n<div>\n<p>&nbsp;<\/p>\n<\/div>\n<p><b>N\u00e1zov \u0161koly: <\/b>Z\u00e1kladn\u00e1 umeleck\u00e1 \u0161kola v Ni\u017enej<\/p>\n<p><b>Adresa \u0161koly: <\/b>Nov\u00e1 Doba 482, 027 43 Ni\u017en\u00e1<\/p>\n<p><b>Telef\u00f3nne \u010d\u00edslo: \u00a0<\/b>043\/5381 264<b><\/b><\/p>\n<p><b>Internetov\u00e1 adresa: <\/b>www.nizna.sk<\/p>\n<p><b>El<\/b><b>e<\/b><b>k<\/b><b>tr<\/b><b>onick\u00e1 adresa: <\/b>\u00a0zus@zusnizna.sk<\/p>\n<p><b>Z<\/b><b>r<\/b><b>i<\/b><b>a\u010fovate\u013e \u0161koly: <\/b>Obecn\u00fd \u00farad v\u00a0Ni\u017enej<\/p>\n<p>&nbsp;<\/p>\n<p><b>Ved\u00faci zamestnanci: <\/b>Peter Ku\u010dka \u2013 riadite\u013e \u0161koly<\/p>\n<p>Alena Hlavajov\u00e1 &#8211; z\u00e1stupky\u0148a riadite\u013ea \u0161koly<\/p>\n<p>&nbsp;<\/p>\n<p><b>Rada \u0161koly:\u00a0 \u00a0<\/b>Predseda:\u00a0\u00a0\u00a0\u00a0\u00a0 Mgr. Eva \u0160imi\u010d\u00e1kov\u00e1<\/p>\n<p>\u010dlenovia: \u00a0\u00a0\u00a0\u00a0\u00a0\u00a0 Mgr. Martina Labd\u00edkov\u00e1, Mgr. Andrea Orie\u0161kov\u00e1, Ing. Marek Bu\u010dka, MUDr. Daniela Javo\u0161ov\u00e1, O\u013ega Maria\u0161ov\u00e1, Jozef Virostko, Ing. Miroslav Slosiar, Mgr. Bohuslav Kortman, Darina Zajacov\u00e1.<\/p>\n<p>&nbsp;<\/p>\n<p><b>U<\/b><b>m<\/b><b>e<\/b><b>l<\/b><b>ec<\/b><b>k<\/b><b>\u00e1 rada \u0161koly: <\/b>Predseda: Mgr. Marta Podbie\u013ean\u010d\u00edkov\u00e1;<\/p>\n<p>od 1.1.2013 Peter Ku\u010dka<\/p>\n<p>&nbsp;<\/p>\n<p>\u010dlenovia: \u00a0 Katar\u00edna \u010eurin\u00edkov\u00e1, Alena Hlavajov\u00e1, Mgr. Bohuslav Kortman, Mgr. Miroslava Malatinkov\u00e1, Magdal\u00e9na Mat\u00fa\u0161ov\u00e1<\/p>\n<p><b>\u00a0<\/b><\/p>\n<div>\n<p><span style=\"font-size: medium;\"><strong>Umeleck\u00e9 odbory \u0161koly<\/strong><\/span><\/p>\n<\/div>\n<p>&#8211;\u00a0\u00a0\u00a0\u00a0\u00a0\u00a0\u00a0\u00a0\u00a0 Hudobn\u00fd odbor,<\/p>\n<p>&#8211;\u00a0\u00a0\u00a0\u00a0\u00a0\u00a0\u00a0\u00a0\u00a0 Tane\u010dn\u00fd odbor<\/p>\n<p>&#8211;\u00a0\u00a0\u00a0\u00a0\u00a0\u00a0\u00a0\u00a0\u00a0 V\u00fdtvarn\u00fd odbor<\/p>\n<p>&#8211;\u00a0\u00a0\u00a0\u00a0\u00a0\u00a0\u00a0\u00a0\u00a0 Liter\u00e1rno-dramatick\u00fd odbor<\/p>\n<p>&nbsp;<\/p>\n<div>\n<p><span style=\"font-size: medium;\"><strong>U\u010debn\u00e9 pl\u00e1ny \u00a0<\/strong>\u00a0\u00a0\u00a0\u00a0\u00a0\u00a0<\/span><\/p>\n<\/div>\n<p>Vyu\u010dovanie na \u0161kole je realizovan\u00e9 pod\u013ea U\u010debn\u00fdch pl\u00e1nov schv\u00e1len\u00fdch M\u0160 SR pre ZU\u0160 z roku 2009 pod \u010d\u00edslom CD 2009-27474\/21375 a \u0160kolsk\u00e9ho vzdel\u00e1vacieho programu pre prv\u00e9 a druh\u00e9 ro\u010dn\u00edky.<\/p>\n<p>&nbsp;<\/p>\n<p>&nbsp;<\/p>\n<div>\n<p><span style=\"font-size: medium;\"><strong>Predmetov\u00e9 komisie:<\/strong><\/span><\/p>\n<\/div>\n<p><strong>Predmetov\u00e1 komisia \u00a0oddelenia kl\u00e1vesov\u00fdch n\u00e1strojov:<\/strong><\/p>\n<p>&#8211;\u00a0\u00a0\u00a0\u00a0\u00a0\u00a0\u00a0\u00a0\u00a0 hra na klav\u00edri<\/p>\n<p>&#8211;\u00a0\u00a0\u00a0\u00a0\u00a0\u00a0\u00a0\u00a0\u00a0 hra na akorde\u00f3ne<\/p>\n<p>&#8211;\u00a0\u00a0\u00a0\u00a0\u00a0\u00a0\u00a0\u00a0\u00a0 hra na keyboarde<\/p>\n<p>&nbsp;<\/p>\n<p><i>Ved\u00faca PK:<\/i> \u00a0\u00a0\u00a0 Mgr. Marta Podbie\u013ean\u010d\u00edkov\u00e1 &#8211; od 1.12.2012 na MD, od 1.1.2013 Monika Madle\u0148\u00e1kov\u00e1<\/p>\n<p><i>\u010cl<\/i><i>e<\/i><i>novia:<\/i> \u00a0\u00a0\u00a0\u00a0\u00a0 Alena Hlavajov\u00e1, Zuzana \u017duffov\u00e1, Monika Madle\u0148\u00e1kov\u00e1, Mgr. Zdeno Reguly, Elena Ballekov\u00e1, Mgr. M\u00e1ria Bist\u00e1rov\u00e1, Mgr. Eva \u0160imi\u010d\u00e1kov\u00e1<\/p>\n<p>&nbsp;<\/p>\n<p><b>P<\/b><b>re<\/b><b>dmetov\u00e1 komisia \u00a0oddelenia dychov\u00fdch n\u00e1strojov:<\/b><\/p>\n<p>&#8211;\u00a0\u00a0\u00a0\u00a0\u00a0\u00a0\u00a0\u00a0\u00a0 hra\u00a0 na zobcovej flaute<\/p>\n<p>&#8211;\u00a0\u00a0\u00a0\u00a0\u00a0\u00a0\u00a0\u00a0\u00a0 hra na prie\u010dnej flaute<\/p>\n<p>&#8211;\u00a0\u00a0\u00a0\u00a0\u00a0\u00a0\u00a0\u00a0\u00a0 spev s\u00f3lov\u00fd a\u00a0skupinov\u00fd<\/p>\n<p>&nbsp;<\/p>\n<p><i>Ved\u00faca PK:\u00a0 <\/i>Katar\u00edna \u010eurin\u00edkov\u00e1,<\/p>\n<p><i>\u010cl<\/i><i>e<\/i><i>novia:<\/i> \u00a0\u00a0\u00a0\u00a0\u00a0\u00a0\u00a0 Mgr. Zdeno Reguly, Mgr. Jana Rabotov\u00e1,<\/p>\n<p><i>od 1. 2. 2013<\/i>: \u00a0\u00a0\u00a0\u00a0\u00a0 Henrieta Habl\u00e1kov\u00e1, \u013dubom\u00edra \u0160teva\u0148\u00e1kov\u00e1, Zuzana Such\u00e1nkov\u00e1,<\/p>\n<p>Mgr. Art. Pavol Ba\u017e\u00edk<\/p>\n<p><b>Pre<\/b><b>dmetov\u00e1 komisia \u00a0oddelenia strunov\u00fdch n\u00e1strojov<\/b><\/p>\n<p>&#8211;\u00a0\u00a0\u00a0\u00a0\u00a0\u00a0\u00a0\u00a0\u00a0 hra na husliach<\/p>\n<p>&#8211;\u00a0\u00a0\u00a0\u00a0\u00a0\u00a0\u00a0\u00a0\u00a0 hra na gitare<\/p>\n<p>&nbsp;<\/p>\n<p><i>Ved\u00faca PK:<\/i> Magdal\u00e9na Mat\u00fa\u0161ov\u00e1 ,<\/p>\n<p><i>\u010c<\/i><i>l<\/i><i>e<\/i><i>novia:\u00a0\u00a0\u00a0\u00a0\u00a0\u00a0 <\/i>M\u00e1rio Kubas, \u00a0Mgr. Bohuslav Kortman, Peter Ku\u010dka, Miroslav \u0160tefan, Mgr. Zdeno Reguly<\/p>\n<p>&nbsp;<\/p>\n<p><b>P<\/b><b>re<\/b><b>dmetov\u00e1 komisia \u00a0oddelenia kolekt\u00edvnych predmetov<\/b><\/p>\n<p>&#8211;\u00a0\u00a0\u00a0\u00a0\u00a0\u00a0\u00a0\u00a0\u00a0 pr\u00edpravn\u00e1 hudobn\u00e1 v\u00fdchova<\/p>\n<p>&#8211;\u00a0\u00a0\u00a0\u00a0\u00a0\u00a0\u00a0\u00a0\u00a0 hudobn\u00e1 n\u00e1uka<\/p>\n<p>&nbsp;<\/p>\n<p><i>Ved\u00faci PK:<\/i>\u00a0\u00a0 Mgr. Bohuslav Kortman<\/p>\n<p><i>\u010cl<\/i><i>e<\/i><i>novia:<\/i> \u00a0\u00a0\u00a0\u00a0 Mgr. \u013dudmila Kamasov\u00e1, Mgr. Eva \u0160imi\u010d\u00e1kov\u00e1<\/p>\n<p>&nbsp;<\/p>\n<p><b>Predmetov\u00e1 komisia tane\u010dn\u00e9ho, v\u00fdtvarn\u00e9ho a\u00a0liter\u00e1rno \u2013 dramatick\u00e9ho odboru\u00a0 <\/b><\/p>\n<p><i>Ved\u00faca PK:<\/i>\u00a0\u00a0 Mgr. Miroslava Malatinkov\u00e1,<\/p>\n<p><i>\u010clenovia:<\/i> \u00a0\u00a0\u00a0\u00a0\u00a0\u00a0\u00a0 Mgr. Jaroslav Broz, Mgr. Zdena Brozov\u00e1, \u013dubom\u00edr Jarol\u00edn, Mgr. Daniela Kraj\u010diov\u00e1, Peter \u010eurin\u00edk, Nat\u00e1lia Stasov\u00e1<\/p>\n<div>\n<p><span style=\"font-size: medium;\"><strong>\u00a0\u00dadaje o po\u010dte \u017eiakov:<\/strong><\/span><\/p>\n<\/div>\n<p><b>\u00a0<\/b>V\u00a0\u0161kolskom roku 2012\/2013 \u0161kolu nav\u0161tevovalo<b> <\/b>410 \u017eiakov, z\u00a0toho:<\/p>\n<table style=\"width: 300px;\" border=\"0\" cellspacing=\"0\" cellpadding=\"0\">\n<colgroup>\n<col width=\"59\" \/>\n<col width=\"241\" \/> <\/colgroup>\n<tbody>\n<tr align=\"center\" valign=\"top\">\n<td rowspan=\"3\" width=\"59\" height=\"69\"><strong>HO<\/strong><\/td>\n<td style=\"height: 20px; text-align: left;\">208 \u017eiakov z\u00e1kladn\u00e9ho \u0161t\u00fadia<\/td>\n<\/tr>\n<tr style=\"height: 25px;\">\n<td style=\"height: 20px;\">14 \u017eiakov pr\u00edpravn\u00e9ho\u00a0 \u0161t\u00fadia<\/td>\n<\/tr>\n<tr style=\"height: 25px;\">\n<td style=\"height: 20px;\">14 \u017eiakov zborov\u00fd spev<\/td>\n<\/tr>\n<tr align=\"center\" valign=\"top\">\n<td height=\"23\"><strong>\u00a0<\/strong><\/td>\n<td style=\"height: 20px;\"><\/td>\n<\/tr>\n<tr align=\"center\" valign=\"top\">\n<td rowspan=\"2\" height=\"46\"><strong>TO<\/strong><\/td>\n<td style=\"height: 20px; text-align: left;\">33 \u017eiakov z\u00e1kladn\u00e9ho \u0161t\u00fadia<\/td>\n<\/tr>\n<tr style=\"height: 25px;\">\n<td style=\"height: 20px;\">25 \u017eiakov pr\u00edpravn\u00e9ho\u00a0 \u0161t\u00fadia<\/td>\n<\/tr>\n<tr align=\"center\" valign=\"top\">\n<td height=\"23\"><strong>\u00a0<\/strong><\/td>\n<td style=\"height: 20px; text-align: left;\"><\/td>\n<\/tr>\n<tr align=\"center\" valign=\"top\">\n<td rowspan=\"2\" height=\"46\"><strong>VO<\/strong><\/td>\n<td style=\"height: 20px; text-align: left;\">85 \u017eiakov z\u00e1kladn\u00e9ho \u0161t\u00fadia<\/td>\n<\/tr>\n<tr style=\"height: 25px;\">\n<td style=\"height: 20px;\">6 \u017eiakov pr\u00edpravn\u00e9ho \u0161t\u00fadia;<\/td>\n<\/tr>\n<tr align=\"center\" valign=\"top\">\n<td height=\"23\"><strong>\u00a0<\/strong><\/td>\n<td style=\"height: 20px;\"><\/td>\n<\/tr>\n<tr align=\"center\" valign=\"top\">\n<td rowspan=\"2\" height=\"46\"><strong>LDO<\/strong><\/td>\n<td style=\"height: 20px; text-align: left;\">16 \u017eiakov z\u00e1kladn\u00e9ho \u0161t\u00fadia<\/td>\n<\/tr>\n<tr style=\"height: 25px;\">\n<td style=\"height: 20px;\">9 \u017eiakov\u00a0 \u0161t\u00fadia pre dospel\u00fdch<\/td>\n<\/tr>\n<\/tbody>\n<\/table>\n<p>&nbsp;<\/p>\n<div>\n<p><strong><span style=\"font-size: medium;\">\u00dadaje o po\u010dte zamestnancov: \u00a0\u00a0<\/span><\/strong><\/p>\n<\/div>\n<p>25 pedagogick\u00fdch zamestnancov<\/p>\n<p>4 \u00a0prev\u00e1dzkov\u00ed zamestnanci<\/p>\n<p><b>\u00a0<\/b><\/p>\n<div>\n<p><span style=\"font-size: medium;\"><strong>Plnenie kvalifika\u010dn\u00fdch predpokladov<\/strong><\/span><\/p>\n<\/div>\n<p><b>\u00a0<\/b>Pedagogick\u00fd zbor tvor\u00ed:<\/p>\n<p>&#8211;\u00a0\u00a0\u00a0\u00a0\u00a0\u00a0\u00a0\u00a0\u00a0 19 kvalifikovan\u00fdch pedagogick\u00fdch zamestnancov<\/p>\n<p>&#8211;\u00a0\u00a0\u00a0\u00a0\u00a0\u00a0\u00a0\u00a0\u00a0 6 nekvalifikovan\u00fdch pedagogick\u00fdch zamestnancov<\/p>\n<div>\n<p><span style=\"font-size: medium;\"><strong>\u010eal\u0161ie vzdel\u00e1vanie pedagogick\u00fdch zamestnancov<\/strong><\/span><\/p>\n<\/div>\n<p>Z nekvalifikovan\u00fdch pedag\u00f3gov \u00a0jedna \u0161tuduje na UMB v\u00a0Banskej Bystrici pedagogick\u00e9 zameranie, \u00a0jeden zamestnanec \u0161tuduje 6. ro\u010dn\u00edk na Konzervat\u00f3riu v\u00a0Topo\u013e\u010danoch .<\/p>\n<p>Ostatn\u00ed pedag\u00f3govia si dop\u013a\u0148aj\u00fa odbornos\u0165 na \u0161pecializovan\u00fdch semin\u00e1roch, tvoriv\u00fdch diel\u0148ach a majstrovsk\u00fdch kurzoch usporiadan\u00fdch pri celoslovensk\u00fdch a medzin\u00e1rodn\u00fdch umeleck\u00fdch festivaloch a\u00a0s\u00fa\u0165a\u017eiach<b><\/b><\/p>\n<p><b>\u00a0<\/b><\/p>\n<div>\n<p><span style=\"font-size: medium;\"><strong>Aktivity a prezent\u00e1cie \u0161koly:<\/strong><\/span><\/p>\n<\/div>\n<p>Nosn\u00fdm projektom \u0161koly s\u00fa:<\/p>\n<p>&#8211;\u00a0\u00a0\u00a0\u00a0\u00a0\u00a0\u00a0\u00a0\u00a0\u00a0\u00a0 n\u00e1rodn\u00e1 s\u00fa\u0165a\u017e \u017eiakov z\u00e1kladn\u00fdch umeleck\u00fdch \u0161k\u00f4l v hre na \u00a0zobcovej\u00a0 \u00a0flaute \u00a0a dreven\u00fdch \u00a0dychov\u00fdch \u00a0n\u00e1strojoch \u00a0<b>\u201e\u010carovn\u00e1 \u00a0flauta\u201c &#8211; <\/b>\u010dlen \u00a0EMCY Slovakia. 11. ro\u010dn\u00edk tejto s\u00fa\u0165a\u017ee sa uskuto\u010dnil v d\u0148och 21. &#8211; 23. novembra 2012.<\/p>\n<p>&#8211;\u00a0\u00a0\u00a0\u00a0\u00a0\u00a0\u00a0\u00a0\u00a0\u00a0\u00a0 celoslovensk\u00e1 s\u00fa\u0165a\u017e v hre na husliach <b>\u201eHus\u013eov\u00e9 talenty\u201c<\/b>, ktor\u00e1 je s\u00fa\u010das\u0165ou Hudobn\u00e9ho festivalu \u00a0Ivana Ballu v Dolnom Kub\u00edne; 15. ro\u010dn\u00edk tejto s\u00fa\u0165a\u017ee sa uskuto\u010dnil 23. \u2013 24. m\u00e1ja 2013.<\/p>\n<p>&nbsp;<\/p>\n<p>\u010eal\u0161\u00edmi\u00a0 podujatiami, ktor\u00e9 \u0161kola ka\u017edoro\u010dne organizuje s\u00fa:<\/p>\n<p>&#8211;\u00a0\u00a0\u00a0\u00a0\u00a0\u00a0\u00a0\u00a0\u00a0 Mikul\u00e1\u0161sky koncert,<\/p>\n<p>&#8211;\u00a0\u00a0\u00a0\u00a0\u00a0\u00a0\u00a0\u00a0\u00a0 Viano\u010dn\u00fd \u00a0koncert v\u00a0Ni\u017enej a v\u00a0Dolnom Kub\u00edne,<\/p>\n<p>&#8211;\u00a0\u00a0\u00a0\u00a0\u00a0\u00a0\u00a0\u00a0\u00a0 koncert \u00a0venovan\u00fd \u00a0sviatku \u00facte k\u00a0star\u0161\u00edm,<\/p>\n<p>&#8211;\u00a0\u00a0\u00a0\u00a0\u00a0\u00a0\u00a0\u00a0\u00a0 vyst\u00fapenie na celokrajsk\u00fdch stretnutiach d\u00f4chodcov,<\/p>\n<p>&#8211;\u00a0\u00a0\u00a0\u00a0\u00a0\u00a0\u00a0\u00a0\u00a0 koncerty ku d\u0148u matiek,<\/p>\n<p>&#8211;\u00a0\u00a0\u00a0\u00a0\u00a0\u00a0\u00a0\u00a0\u00a0 v\u00fdchovn\u00e9 koncerty v\u00a0Chlebniciach, \u00a0Ni\u017enej a\u00a0Habovke<\/p>\n<p>&#8211;\u00a0\u00a0\u00a0\u00a0\u00a0\u00a0\u00a0\u00a0\u00a0 verejn\u00e9 absolventsk\u00e9 koncerty<\/p>\n<p>&#8211;\u00a0\u00a0\u00a0\u00a0\u00a0\u00a0\u00a0\u00a0\u00a0 chr\u00e1mov\u00fd absolventsk\u00fd koncert v Ni\u017enej .<\/p>\n<p>V tomto \u0161kolskom roku sa podarilo u\u017e po piaty kr\u00e1t zorganizova\u0165 prehliadku mlad\u00fdch spev\u00e1kov \u013eudov\u00fdch piesn\u00ed Ni\u017enianske minisynkopy. Podujatie sa uskuto\u010dnilo 14.apr\u00edla 2013. Na prehliadke n\u00e1s pote\u0161ila hojn\u00e1 \u00fa\u010das\u0165 div\u00e1kov. Predstavilo sa 11 spev\u00e1kov od Chlebn\u00edc a\u017e po Zuberec. Hos\u0165ami podujatia bola u\u017e tradi\u010dne \u00a0\u013dH Karola Hrom\u00e1dku zo ZU\u0160 Ivana Ballu Doln\u00fd Kub\u00edn\u00a0 so svojimi s\u00f3listami.<\/p>\n<p>Nov\u00fdm projektom, ktor\u00fd sa podaril v\u00a0spolupr\u00e1ci s\u00a0p. dirigentom Mgr.Art. Pavlom Ba\u017e\u00edkom minul\u00fd \u0161kolsk\u00fd rok, bol chr\u00e1mov\u00fd mie\u0161an\u00fd zbor. Jeho aktivita v\u0161ak skon\u010dila\u00a031.12. 2013 v\u010faka nov\u00e9mu z\u00e1konu, ktor\u00fd nedovo\u013euje nav\u0161tevova\u0165 ZU\u0160 \u017eiakom star\u0161\u00edm ako 25 rokov.<\/p>\n<p>Na z\u00e1ver \u0161kolsk\u00e9ho roku, d\u0148a 9. j\u00fana, na\u0161i\u00a0 absolventi Nat\u00e1lia Garajov\u00e1, M\u00e1ria \u010cern\u00e1 a\u00a0Al\u017ebeta Tukov\u00e1, dostali mo\u017enos\u0165 predvies\u0165 svoj absolventsk\u00fd v\u00fdkon so sprievodom komorn\u00e9ho orchestra, kde okrem pedag\u00f3gov ZU\u0160 \u00fa\u010dinkovali aj b\u00fdval\u00ed \u017eiaci, toho \u010dasu \u0161tuduj\u00faci na V\u0160MU. Okrem absolventov sa predstavilo aj nov\u00e9 hudobn\u00e9 teleso zlo\u017een\u00e9 zo zobcov\u00fdch fl\u00e1ut, ktor\u00e9 vzniklo 1.2. 2013 pod umeleck\u00fdm veden\u00edm Katar\u00edny \u010eurin\u00edkovej. Koncert odznel v\u00a0d\u00f4stojnom prostred\u00ed katol\u00edckeho kostola sv. G\u00e1la v\u00a0Ni\u017enej, za \u010do patr\u00ed v\u010faka miestnemu spr\u00e1vcovi farnosti vdp. \u0160tefanovi Hud\u00e1\u010dkovi. D\u00fafam, \u017ee podobn\u00e9 koncerty sa stan\u00fa v\u00a0Ni\u017enej trad\u00edciou.<\/p>\n<p>\u017diaci tane\u010dn\u00e9ho odboru sa z\u00fa\u010dastnili mno\u017estva vyst\u00fapen\u00ed a\u00a0prehliadok. Z mnoh\u00fdch m\u00f4\u017eem uvies\u0165 napr\u00edklad: Detsk\u00fd country b\u00e1l v\u00a0Ni\u017enej a\u00a0Zuberci, Dni slovenskej kult\u00fary v\u00a0Po\u013esku (Podwik), Podroh\u00e1\u010dske folkl\u00f3rne sl\u00e1vnosti, Ni\u017eniansky kotl\u00edk, Pltn\u00edcky de\u0148, v\u00fdchovn\u00e9 koncerty v\u00a0Ni\u017enej, Habovke, Chlebniciach, Plesy v\u00a0Ni\u017enej aj v okolit\u00fdch obciach, Stavanie m\u00e1ja, Tvrdo\u0161\u00edn m\u00e1 talent a\u00a0in\u00e9.<\/p>\n<p>&nbsp;<\/p>\n<p><b>\u017d<\/b><b>i<\/b><b>a<\/b><b>c<\/b><b>i \u00a0liter\u00e1rno-dramatick\u00e9ho odboru (LDO)<\/b> \u00a0pod veden\u00edm Mgr. Zdeny Brozovej a Mgr. Jaroslava Broza, z\u00edskali nieko\u013eko v\u00fdznamn\u00fdch ocenen\u00ed. \u00a0Na \u00favod to boli 1.miesta na okresn\u00fdch divadeln\u00fdch s\u00fa\u0165a\u017eiach v\u00a0Dolnom Kub\u00edne, kde detsk\u00e9 divadlo <i>Dobrozv\u00ed\u0165az\u00ed<\/i> s\u00a0 inscen\u00e1ciou <i>Hrd\u00fd Bud\u017eesi<\/i> post\u00fapili na krajsk\u00fa s\u00fa\u0165a\u017e <i>Detsk\u00fd divadeln\u00fd medve\u010f<\/i>, ktor\u00fa vyhrali. Okrem det\u00ed n\u00e1s reprezentovalo aj divadlo dospel\u00fdch <i>Woland<\/i> s\u00a0inscen\u00e1ciou <i>Ilustrovan\u00e9 dejiny tr\u00e1vy<\/i>. Post\u00fapili na krajsk\u00fa prehliadku <i>Vajansk\u00e9ho divadeln\u00fd Martin<\/i> . Tu skon\u010dili na v\u00fdbornom 2. mieste a\u00a0post\u00fapili na celoslovensk\u00fa s\u00fa\u0165a\u017e <i>Hviezdoslavov Kub\u00edn<\/i>. Tento rok sa z\u00fa\u010dastnil s\u00fa\u0165a\u017e\u00ed aj <i>DRK<\/i> <i>Dobrozv\u00ed\u0165az\u00ed<\/i> ktor\u00fd s\u00a0inscen\u00e1ciou <i>\u0160tyri o\u010dn\u00e9 obdobia<\/i> vyhral okresn\u00fa s\u00fa\u0165a\u017e <i>Hviezdoslavov Kub\u00edn<\/i> a\u00a0tak isto aj krajsk\u00fa s\u00fa\u0165a\u017en\u00fa prehliadku <i>Vajansk\u00e9ho Martin<\/i>. V\u0161etky tri inscen\u00e1cie, ktor\u00e9 pripravil Mgr. Jaroslav Broz, mohli vzhliadnu\u0165 aj div\u00e1ci z\u00a0Ni\u017enej, kde sa 28. 4. 2013 v\u00a0kinos\u00e1le kult\u00farneho domu konala ich sl\u00e1vnostn\u00e1 premi\u00e9ra.<\/p>\n<p>Vrcholn\u00fdm \u00faspechom divadeln\u00fdch kolekt\u00edvov bola ich prezent\u00e1cia na celoslovenskej \u00farovni na s\u00fa\u0165a\u017ei Zlat\u00e1 priadka v\u00a0\u0160ali, kde na\u0161e n\u00e1dejn\u00e9 hereck\u00e9 talenty<i> Ag\u00e1tka Brozov\u00e1<\/i> a\u00a0<i>Veronika Mi\u0161\u00edkov\u00e1<\/i> obsadili 2 miesto zo 16 kolekt\u00edvov a divadeln\u00e9 kolekt\u00edvy <i>Woland<\/i> a\u00a0<i>DRK Dobrozv\u00ed\u0165az\u00ed<\/i> sa z\u00fa\u010dastnili celoslovenskej s\u00fa\u0165a\u017ee Hviezdoslavov Kub\u00edn.<\/p>\n<p><b>\u017d<\/b><b>i<\/b><b>a<\/b><b>c<\/b><b>i v\u00fdtvarn\u00e9ho odboru <\/b>reprezentovali na\u0161u \u0161kolu svojimi v\u00fdtvarn\u00fdmi pr\u00e1cami na celoslovensk\u00fdch s\u00fa\u0165a\u017eiach \u00a0\u201e<i>Talent, umenie, kum\u0161t\u201c,<\/i> na 2. ro\u010d. celoslovenskej s\u00fa\u0165a\u017ee<\/p>\n<p><i>\u201eC<\/i><i>e<\/i><i>sty za poznan\u00edm minulosti 2012\u201c,<\/i> <i>\u201e Pol\u00edcia o\u010dami det\u00ed<\/i>\u201c, <i>\u201e Seneck\u00e1 d\u00faha 2013 \u201e<\/i><\/p>\n<p><i>\u201e Ma\u013eovan\u00e1 Zu\u0161ka 2013 \u201e<\/i> a\u00a0\u010fal\u0161\u00edch. Okrem s\u00fa\u0165a\u017e\u00ed pripravili absolventi v\u00fdtvarn\u00e9ho odboru v\u00fdstavy svojich pr\u00e1c.<\/p>\n<p><b>V hudobnom odbore<\/b> sa na\u0161i \u017eiaci z\u00fa\u010dastnili nasledovn\u00fdch s\u00fa\u0165a\u017e\u00ed: celoslovensk\u00e1 s\u00fa\u0165a\u017e <i>\u010carovn\u00e1 flauta, Hus\u013eov\u00e9 talenty<\/i><b>, <\/b><i>XI. medzin\u00e1rodn\u00fd festival akorde\u00f3nistov\u00a0 v\u00a0Rajeck\u00fdch Tepliciach,<\/i><b> <\/b><i>Hus\u013eov\u00e1 s\u00fa\u0165a\u017e Rudolfa Orsz\u00e1gha<\/i> v\u00a0Kremnici, celoslovensk\u00e1 hus\u013eov\u00e1\u00a0 s\u00fa\u0165a\u017e \u00a0<i>Talenty pre Slovensko<\/i> v\u00a0Dolnom Kub\u00edne, <i>Medzin\u00e1rodn\u00e1 gitarov\u00e1 s\u00fa\u0165a\u017e Bojnice<\/i>, <i>Klasick\u00e1 gitara Ru\u017eomberok<\/i> a\u00a0in\u00e9.<\/p>\n<p>Okresn\u00e9, krajsk\u00e9 a celoslovensk\u00e9 kol\u00e1 s\u00fa\u0165a\u017ee v hudobnej n\u00e1uke <i>Hn\u00fa\u0161\u0165ansk\u00fd akord<\/i><b> <\/b>\u00a0a\u00a0region\u00e1lna s\u00fa\u0165a\u017e \u00a0<i>Biela Orava<\/i> v N\u00e1mestove .<\/p>\n<p>\u013dH Ostrvka aj tento \u0161k. rok reprezentovala ZU\u0160 na viacer\u00fdch podujatiach. 25.10. hrala na 250 v\u00fdro\u010d\u00ed narodenia Antona Bernol\u00e1ka v\u00a0Zichyho pal\u00e1ci v\u00a0Bratislave, 22.-23. 3<\/p>\n<p>vyst\u00fapili na Sl\u00e1vnosti mandlon\u00ed v\u00a0meste\u010dku Hustope\u010de pri Brne, ktor\u00e9 je dru\u017eobn\u00fdm mestom obce Habovka. 21.7. vyst\u00fapili v\u00a0dru\u017eobnom meste na\u0161ej obce &#8211; Mszanie Dolnej v\u00a0Po\u013esku, na celo po\u013eskom festivale dychov\u00fdch hudieb. Okrem t\u00fdchto vyst\u00fapen\u00ed to boli koncerty v\u00a0Ni\u017enej pre d\u00f4chodcov, jubilantov, ples umelcov ktor\u00fd organizuje ZU\u0160 a\u00a0in\u00e9.<b><\/b><\/p>\n<p>Okrem uveden\u00fdch podujat\u00ed \u0161kola organizuje raz do mesiaca verejn\u00e9 \u017eiacke koncerty a pozornos\u0165 si zasl\u00fa\u017eia aj verejn\u00e9 absolventsk\u00e9 koncerty &#8211; \u00a0v tomto \u0161kolskom roku sme usporiadali 3, ktor\u00e9 sprev\u00e1dzala v\u00fdstava pr\u00e1c absolventov v\u00fdtvarn\u00e9ho odboru. Medzi pr\u00edle\u017eitostn\u00e9 vyst\u00fapenia na\u0161ich \u017eiakov patria vyst\u00fapenia pre d\u00f4chodcov, matersk\u00fa a z\u00e1kladn\u00fa \u0161kolu, detsk\u00e9 country b\u00e1ly v Ni\u017enej a Zuberci.<\/p>\n<div>\n<p><span style=\"font-size: medium;\"><strong>Oblasti, v ktor\u00fdch dosahuje \u0161kola dobr\u00e9 v\u00fdsledky<\/strong><\/span><\/p>\n<\/div>\n<p><b>Hud<\/b><b>obn\u00fd odbor:<\/b><\/p>\n<p><i>\u010carovn\u00e1 \u00a0flauta<b> <\/b>&#8211; hra na<b> <\/b><\/i><i>z<\/i><i>obcovej \u00a0flaute<\/i> \u2013 <b>\u00a0Zuzana Jurinov\u00e1 &#8211; 2.miesto<\/b><\/p>\n<p style=\"padding-left: 90px;\"><i>p. u\u010d. Katar\u00edna \u010eurin\u00edkov\u00e1<\/i><\/p>\n<p><i>\u00a0<\/i><i>Orsz\u00e1ghov\u00e1 Kremnica<\/i> &#8211; <b>Nat\u00e1lia Garajov\u00e1 &#8211; 3. miesto<\/b><\/p>\n<p><i>Talenty pre Slovensko<\/i> &#8211; <b>Nat\u00e1lia Garajov\u00e1 &#8211; \u00a02.miesto<\/b><\/p>\n<p><i>Hus\u013eov\u00e9 talenty<\/i> &#8211; \u00a0<b>Nat\u00e1lia Garajov\u00e1 &#8211; 4. miesto<\/b><\/p>\n<p><i>Hus\u013eov\u00e1\u00a0 S\u00fa\u0165a\u017e R. Orsz\u00e1gha v\u00a0Kremnici<\/i><b> &#8211; Nat\u00e1lia Garajov\u00e1<\/b> &#8211; <b>strieborn\u00e9 p\u00e1smo<\/b><\/p>\n<p style=\"padding-left: 90px;\"><i>p. u\u010d. Miroslav \u0160tefan<\/i><\/p>\n<p>&nbsp;<\/p>\n<p><i>Medzin\u00e1rodn\u00e1 gitarov\u00e1 s\u00fa\u0165a\u017e Bojnice<\/i> &#8211; <b>Timotej Bu\u010dka &#8211; zlat\u00e9 p\u00e1smo<\/b><\/p>\n<p><i>Klasick\u00e1 gitara Ru\u017eomberok<\/i> &#8211; <b>Timotej Bu\u010dka &#8211; 2. miesto<\/b>.<i>\u00a0 \u00a0<\/i><\/p>\n<p style=\"padding-left: 90px;\"><i>p. u\u010d. M\u00e1rio Kubas<\/i><\/p>\n<p>&nbsp;<\/p>\n<p><i>Hn\u00fa\u0161\u0165ansk\u00fd akord<\/i><b> \u00a0\u00a0&#8211; \u00a0\u00a0 1. miesto krajsk\u00e9 kolo v\u00a0\u017diline, \u00fa\u010das\u0165 na\u00a0 celoslovenskom kole v\u00a0Hn\u00fa\u0161ti.<\/b><\/p>\n<p><b>\u00a0<\/b><\/p>\n<p><i>XI. medzin\u00e1rodn\u00fd festival akorde\u00f3nistov <\/i>&#8211; <b>Simona Huben\u00e1 &#8211; 1.miesto<\/b><\/p>\n<p style=\"padding-left: 90px;\"><i>p. u\u010d. Helena Ballekov\u00e1<\/i><\/p>\n<p>&nbsp;<\/p>\n<p><i>Hudobn\u00e1 biela Orava \u00a0region\u00e1lna s\u00fa\u0165a\u017e v\u00a0hre na klav\u00edri a\u00a0gitare <\/i><\/p>\n<p><b>M. Sta\u0161ov\u00e1 &#8211; 1. miesto<\/b> &#8211; \u00a0p. u\u010d. <i>Mgr. Zdeno Reguly<\/i><\/p>\n<p><b>M. Su\u013eov\u00e1 &#8211; 2.miesto<\/b> &#8211; <i>p. u\u010d. Monika Madle\u0148\u00e1kov\u00e1<\/i><\/p>\n<div>\n<p><span style=\"font-size: medium;\"><strong>Materi\u00e1lno-technick\u00e9 podmienky \u0161koly<\/strong><\/span><\/p>\n<\/div>\n<p>Riadite\u013estvo \u0161koly sa nach\u00e1dza v priestoroch pr\u00edstavby Z\u00e1kladnej \u0161koly s M\u0160 v Ni\u017enej. Priestory pre \u00a0v\u00fdu\u010dbu hudobn\u00e9ho a tane\u010dn\u00e9ho odboru s\u00fa vyhovuj\u00face, av\u0161ak v\u00fdtvarn\u00fd odbor nem\u00e1 svoje vlastn\u00e9 priestory zodpovedaj\u00face potrebe. Pracuje v priestoroch suter\u00e9nu Z\u0160, kde je \u010dasto ve\u013emi chladno a na po\u010det \u017eiakov je m\u00e1lo miesta. Takisto by bolo dobr\u00e9 vybudova\u0165 u\u010deb\u0148u pre LDO.<\/p>\n<p>Do bud\u00facnosti by sn\u00e1\u010f bolo mo\u017en\u00e9 uva\u017eova\u0165 o dobudovan\u00ed podkrovia, ktor\u00e9 by bolo vhodn\u00e9 pr\u00e1ve pre spom\u00ednan\u00e9 \u010dinnosti.<\/p>\n<p>Okrem \u0161koly v Ni\u017enej m\u00e1me pobo\u010dky v Habovke, v priestoroch Z\u0160 s M\u0160, kde sa vyu\u010duje \u00a0HN, hra na klav\u00edri, hra na husliach, hra na gitare a spev. V\u00a0Chlebniciach, kde sme zriadili tento \u0161kolsk\u00fd rok pobo\u010dku v\u00a0priestoroch Z\u0160 s M\u0160 sa vyu\u010duje hra na husliach, hra na flaute, hra na akorde\u00f3ne, hra na gitare,\u00a0Hudobn\u00e1 n\u00e1uka a\u00a0svoje miesto tam m\u00e1 aj v\u00fdtvarn\u00fd odbor.<\/p>\n<p>V obci Liesek vyu\u010dujeme v\u00fdtvarn\u00fd odbor.<\/p>\n<p>&nbsp;<\/p>\n<p><span style=\"font-size: medium;\"><strong>Finan\u010dn\u00e9 a hmotn\u00e9 zabezpe\u010denie v\u00fdchovno-vzdel\u00e1vacej \u010dinnosti \u0161koly<\/strong><\/span><\/p>\n<p>\u0160kola z\u00edskava finan\u010dn\u00e9 prostriedky jednak zo zdrojov pre financovanie origin\u00e1lnych kompetenci\u00ed \u00a0a z pr\u00edspevku \u00a0rodi\u010dov \u00a0na \u00a0\u00fahradu \u00a0n\u00e1kladov \u00a0spojen\u00fdch \u00a0so \u00a0\u0161t\u00fadiom \u00a0pod\u013ea z\u00e1konn\u00fdch podmienok.<\/p>\n<p>Nako\u013eko rozpo\u010dtov\u00e1 \u010diastka neposta\u010duje ani na pokrytie potrieb miezd pre zamestnancov \u0161koly, je nutn\u00e9 ch\u00fdbaj\u00face finan\u010dn\u00e9 prostriedky dop\u013a\u0148a\u0165 zo zdrojov pr\u00edspevku rodi\u010dov, \u010do v kone\u010dnom d\u00f4sledku zni\u017euje mo\u017enos\u0165 pou\u017eitia t\u00fdchto finan\u010dn\u00fdch prostriedkov na zlep\u0161enie a skvalitnenie samotn\u00e9ho v\u00fdchovno-vyu\u010dovacieho procesu.<\/p>\n<div>\n<p><span style=\"font-size: medium;\"><strong>Cie\u013e koncep\u010dn\u00e9ho z\u00e1meru rozvoja \u0161koly<\/strong><\/span><\/p>\n<\/div>\n<p>Cie\u013eom koncep\u010dn\u00e9ho z\u00e1meru rozvoja \u0161koly je dosiahnu\u0165 stabiliz\u00e1ciu celkov\u00e9ho po\u010dtu \u0161tuduj\u00facich \u017eiakov \u0161koly (pri st\u00e1le zni\u017euj\u00facom sa po\u010dte \u017eiakov v prv\u00fdch triedach Z\u0160) na minim\u00e1lne 400 \u017eiakov a optimalizova\u0165 tak aj chod \u0161koly v nezmenenej forme.<\/p>\n<p>Z\u00e1rove\u0148 chceme dosiahnu\u0165 skvalitnenie v\u00fdchovno-vzdel\u00e1vacej pr\u00e1ce u\u010dite\u013eov, kde by malo pom\u00f4c\u0165 vyu\u017eitie nov\u00e9ho \u0160kolsk\u00e9ho vzdel\u00e1vacieho programu, na ktorom sa akt\u00edvne podie\u013eaj\u00fa v\u0161etci vyu\u010duj\u00faci, \u010do by malo by\u0165 na prospech predov\u0161etk\u00fdm na\u0161ich det\u00ed. Cie\u013eom je aj person\u00e1lna stabiliz\u00e1cia obsadenia \u0161koly s redukovan\u00edm u\u010dite\u013eov so skr\u00e1ten\u00fdm vyu\u010dovac\u00edm \u00fav\u00e4zkom.<\/p>\n<p>Vedenie \u0161koly sa bude sna\u017ei\u0165 udr\u017ea\u0165 z\u00e1ujem pedag\u00f3gov o \u010fal\u0161ie vzdel\u00e1vanie u\u010dite\u013eov. Na\u0161im cie\u013eom je aj na\u010falej udr\u017ea\u0165 vysok\u00fa umeleck\u00fa i organiza\u010dn\u00fa \u00farove\u0148 hlavn\u00e9ho projektu \u0161koly \u00a0\u2013 \u00a0N\u00e1rodnej \u00a0s\u00fa\u0165a\u017ee \u00a0v hre\u00a0 \u00a0na\u00a0 \u00a0zobcovej \u00a0flaute \u00a0a dreven\u00fdch \u00a0dychov\u00fdch \u00a0n\u00e1strojoch \u201e\u010carovn\u00e1 flauta\u201c.<\/p>\n<p>&nbsp;<\/p>\n<p>V oblasti materi\u00e1lno-technick\u00e9ho zabezpe\u010denia je na\u0161\u00edm cie\u013eom po preklenut\u00ed stavu kr\u00edzy sa \u00a0prostredn\u00edctvom projektov pok\u00fasi\u0165 z\u00edska\u0165 prostriedky na vybudovanie podkrovia \u0161koly.<\/p>\n<\/div>\n<p>&nbsp;<\/p>\n<div>\n<p><span style=\"font-size: small;\"><em><span style=\"font-family: 'times new roman', times;\">\u00a0<span style=\"color: #000000; line-height: normal;\">Peter Ku\u010dka<\/span><\/span><\/em><\/span><\/p>\n<p style=\"color: #000000; font-family: Verdana, Arial, Helvetica, sans-serif; font-size: 11px; line-height: normal; text-align: left;\" align=\"center\"><span style=\"font-size: small;\"><em><span style=\"font-family: 'times new roman', times;\">Riadite\u013e ZU\u0160 v Ni\u017enej<\/span><\/em><\/span><\/p>\n<\/div>\n","protected":false},"excerpt":{"rendered":"<div class=\"mh-excerpt\"><p>&nbsp; N\u00e1zov \u0161koly: Z\u00e1kladn\u00e1 umeleck\u00e1 \u0161kola v Ni\u017enej Adresa \u0161koly: Nov\u00e1 Doba 482, 027 43 Ni\u017en\u00e1 Telef\u00f3nne \u010d\u00edslo: \u00a0043\/5381 264 Internetov\u00e1 adresa: www.nizna.sk Elektronick\u00e1 adresa: <a class=\"mh-excerpt-more\" href=\"https:\/\/www.zusnizna.sk\/?p=2090\" title=\"Spr\u00e1va o v\u00fdchovno-vzdel\u00e1vacej \u010dinnosti Z\u00e1kladnej umeleckej \u0161koly Ni\u017en\u00e1 za \u0161kolsk\u00fd rok 2012\/2013\">[&#8230;]<\/a><\/p>\n<\/div>","protected":false},"author":3,"featured_media":0,"comment_status":"closed","ping_status":"closed","sticky":false,"template":"","format":"standard","meta":[],"categories":[3,11,14],"tags":[],"_links":{"self":[{"href":"https:\/\/www.zusnizna.sk\/index.php?rest_route=\/wp\/v2\/posts\/2090"}],"collection":[{"href":"https:\/\/www.zusnizna.sk\/index.php?rest_route=\/wp\/v2\/posts"}],"about":[{"href":"https:\/\/www.zusnizna.sk\/index.php?rest_route=\/wp\/v2\/types\/post"}],"author":[{"embeddable":true,"href":"https:\/\/www.zusnizna.sk\/index.php?rest_route=\/wp\/v2\/users\/3"}],"replies":[{"embeddable":true,"href":"https:\/\/www.zusnizna.sk\/index.php?rest_route=%2Fwp%2Fv2%2Fcomments&post=2090"}],"version-history":[{"count":0,"href":"https:\/\/www.zusnizna.sk\/index.php?rest_route=\/wp\/v2\/posts\/2090\/revisions"}],"wp:attachment":[{"href":"https:\/\/www.zusnizna.sk\/index.php?rest_route=%2Fwp%2Fv2%2Fmedia&parent=2090"}],"wp:term":[{"taxonomy":"category","embeddable":true,"href":"https:\/\/www.zusnizna.sk\/index.php?rest_route=%2Fwp%2Fv2%2Fcategories&post=2090"},{"taxonomy":"post_tag","embeddable":true,"href":"https:\/\/www.zusnizna.sk\/index.php?rest_route=%2Fwp%2Fv2%2Ftags&post=2090"}],"curies":[{"name":"wp","href":"https:\/\/api.w.org\/{rel}","templated":true}]}}